{"id":5528,"date":"2017-06-05T14:10:20","date_gmt":"2017-06-05T17:10:20","guid":{"rendered":"http:\/\/ecu.edu.uy\/?p=5528"},"modified":"2017-06-05T14:10:20","modified_gmt":"2017-06-05T17:10:20","slug":"material-de-la-clase-de-color","status":"publish","type":"post","link":"https:\/\/ecu.edu.uy\/sitioweb\/material-de-la-clase-de-color\/","title":{"rendered":"Material de la clase de Color"},"content":{"rendered":"<p>Recordar y pensar las referencias dadas (y adjuntas aqu\u00ed) en funci\u00f3n del Color como una herramienta de la fotograf\u00eda\u00a0con<span style=\"font-weight: 400\">\u00a0car\u00e1cter subjetivo y de una importante percepci\u00f3n subconciente por parte del espectador.<\/span><\/p>\n<p>Con esto considerar que no hay &#8220;recetas&#8221; en el uso del color, pero si casos paradigm\u00e1ticos con los cuales se puede estudiar su influencia. Esto es aplicable tanto a los usos generales de los cuales hablamos (<span style=\"font-weight: 400\">Marcar estados de \u00e1nimo y\/o sensaciones al espectador,\u00a0<\/span><span style=\"font-weight: 400\">Identificar personajes,\u00a0<\/span><span style=\"font-weight: 400\">Contrastar escenas entre s\u00ed o marcar el desarrollo de la historia). As\u00ed como para el uso puntual como puede ser al encuadrar un plano.<\/span><\/p>\n<p>Se adjuntan los 2 gr\u00e1ficos usados.<\/p>\n<p><img loading=\"lazy\" class=\"alignnone  wp-image-5529\" src=\"http:\/\/ecu.edu.uy\/wp-content\/uploads\/2017\/06\/compo-color-300x107.png\" alt=\"\" width=\"501\" height=\"179\" srcset=\"https:\/\/ecu.edu.uy\/wp-content\/uploads\/2017\/06\/compo-color-300x107.png 300w, https:\/\/ecu.edu.uy\/wp-content\/uploads\/2017\/06\/compo-color-768x275.png 768w, https:\/\/ecu.edu.uy\/wp-content\/uploads\/2017\/06\/compo-color.png 1016w\" sizes=\"(max-width: 501px) 100vw, 501px\" \/><\/p>\n<p><img loading=\"lazy\" class=\"wp-image-5531 alignnone\" src=\"http:\/\/ecu.edu.uy\/wp-content\/uploads\/2017\/06\/wheel-300-150x150@2x.gif\" alt=\"\" width=\"154\" height=\"154\" \/><\/p>\n<p>Respecto al 3er gr\u00e1fico utilizado, es primordial que no lo consideren como un &#8220;recetario&#8221;, ya que como vimos, todas las herramientas de la fotograf\u00eda funcionan\u00a0en el relacionamiento entre la herramienta en si y su contexto dentro de la pel\u00edcula, el porque del uso dentro de la globalidad.\u00a0Y como vimos, las cosas que transmite un plano o la foto de una escena, son generalmente multicausales, por lo que nuevamente, no significa que si se &#8220;copia&#8221; el uso de una sola herramienta, se conseguir\u00e1 el mismo efecto\/sensaci\u00f3n\/narraci\u00f3n. Aclarado esto, van los\u00a0<a href=\"http:\/\/ecu.edu.uy\/wp-content\/uploads\/2017\/06\/File_000.jpeg\" target=\"_blank\" rel=\"noopener noreferrer\">EJEMPLOS PARADIGM\u00c1TICOS<\/a><\/p>\n<p>Como recordatorio, en clase trabajamos con las siguientes pel\u00edculas:<\/p>\n<p>American Beauty<\/p>\n<p>The truman show<\/p>\n<p>Kill Bill<\/p>\n<p>Darjeeling Limited<\/p>\n<p>Birdman<\/p>\n<p>Avatar<\/p>\n<p>Clip Jordan<\/p>\n","protected":false},"excerpt":{"rendered":"<p>Recordar y pensar las referencias dadas (y adjuntas aqu&iacute;) en funci&oacute;n del Color como una herramienta de la fotograf&iacute;a&nbsp;con&nbsp;car&aacute;cter subjetivo y de una importante percepci&oacute;n subconciente por parte del espectador. Con esto considerar que no hay &ldquo;recetas&rdquo; en el uso del color, pero si casos paradigm&aacute;ticos con los cuales se puede estudiar su influencia. Esto&#8230; <\/p>\n<div class=\"clear\"><\/div>\n<p><a href=\"https:\/\/ecu.edu.uy\/sitioweb\/material-de-la-clase-de-color\/\" class=\"gdlr-button with-border excerpt-read-more\">Leer mas<\/a><\/p>\n","protected":false},"author":81,"featured_media":5531,"comment_status":"open","ping_status":"open","sticky":false,"template":"","format":"standard","meta":[],"categories":[198],"tags":[253],"_links":{"self":[{"href":"https:\/\/ecu.edu.uy\/sitioweb\/wp-json\/wp\/v2\/posts\/5528"}],"collection":[{"href":"https:\/\/ecu.edu.uy\/sitioweb\/wp-json\/wp\/v2\/posts"}],"about":[{"href":"https:\/\/ecu.edu.uy\/sitioweb\/wp-json\/wp\/v2\/types\/post"}],"author":[{"embeddable":true,"href":"https:\/\/ecu.edu.uy\/sitioweb\/wp-json\/wp\/v2\/users\/81"}],"replies":[{"embeddable":true,"href":"https:\/\/ecu.edu.uy\/sitioweb\/wp-json\/wp\/v2\/comments?post=5528"}],"version-history":[{"count":1,"href":"https:\/\/ecu.edu.uy\/sitioweb\/wp-json\/wp\/v2\/posts\/5528\/revisions"}],"predecessor-version":[{"id":5532,"href":"https:\/\/ecu.edu.uy\/sitioweb\/wp-json\/wp\/v2\/posts\/5528\/revisions\/5532"}],"wp:featuredmedia":[{"embeddable":true,"href":"https:\/\/ecu.edu.uy\/sitioweb\/wp-json\/wp\/v2\/media\/5531"}],"wp:attachment":[{"href":"https:\/\/ecu.edu.uy\/sitioweb\/wp-json\/wp\/v2\/media?parent=5528"}],"wp:term":[{"taxonomy":"category","embeddable":true,"href":"https:\/\/ecu.edu.uy\/sitioweb\/wp-json\/wp\/v2\/categories?post=5528"},{"taxonomy":"post_tag","embeddable":true,"href":"https:\/\/ecu.edu.uy\/sitioweb\/wp-json\/wp\/v2\/tags?post=5528"}],"curies":[{"name":"wp","href":"https:\/\/api.w.org\/{rel}","templated":true}]}}