{"id":6391,"date":"2018-06-05T17:17:39","date_gmt":"2018-06-05T20:17:39","guid":{"rendered":"http:\/\/ecu.edu.uy\/sitioweb\/?p=6391"},"modified":"2018-06-05T17:17:39","modified_gmt":"2018-06-05T20:17:39","slug":"inscripciones-abiertas-seminario-documental-docmontevideo-2018","status":"publish","type":"post","link":"https:\/\/ecu.edu.uy\/sitioweb\/inscripciones-abiertas-seminario-documental-docmontevideo-2018\/","title":{"rendered":"Inscripciones abiertas: Seminario Documental &#8211; DocMontevideo 2018"},"content":{"rendered":"<div><span style=\"font-family: trebuchet ms, sans-serif;\">Ya est\u00e1n abiertas las inscripciones del\u00a0<b><span style=\"color: #a64d79;\">Seminario Documental\u00a0<\/span><\/b>de la d\u00e9cima edici\u00f3n del <b>DocMontevideo<\/b>, que se celebrar\u00e1 entre el\u00a0<b>21 y el 27 de julio<\/b>.\u00a0<\/span><\/div>\n<div><span style=\"font-family: trebuchet ms, sans-serif;\">\u00a0<\/span><\/div>\n<div><span style=\"font-family: trebuchet ms, sans-serif;\">En esta versi\u00f3n,\u00a0el tradicional Workshop Documental cambia su nombre y gana una nueva perspectiva: el programa de este a\u00f1o busca traer diferentes aproximaciones sobre los\u00a0<b>procesos creativos del documental<\/b>, incluyendo la visi\u00f3n de la\u00a0<span style=\"color: #000000;\"><b>fotograf\u00eda, el sonido y el montaje<\/b><\/span>, a las de\u00a0<b>producci\u00f3n\u00a0<\/b>y<b>\u00a0realizaci\u00f3n<\/b>.<\/span><\/div>\n<div><span style=\"font-family: trebuchet ms, sans-serif;\">\u00a0<\/span><\/div>\n<div><span style=\"font-family: trebuchet ms, sans-serif;\">As\u00ed, se proponen d\u00edas tem\u00e1ticos dentro del Seminario, para pensar el montaje junto a\u00a0<b>Eduardo Escorel y Jo\u00e3o\u00a0Moreira Salles<\/b>, la fotograf\u00eda con\u00a0<b>Heloisa Passos<\/b>, el sonido con\u00a0<b>Daniel Yafalian<\/b>\u00a0y la realizaci\u00f3n de autor con\u00a0<b>Peter Mettler<\/b>.\u00a0<\/span><\/div>\n<div><span style=\"font-family: trebuchet ms, sans-serif;\">\u00a0<\/span><\/div>\n<div><span style=\"font-family: trebuchet ms, sans-serif;\">Otra particularidad de este a\u00f1o es que de cada encuentro de\u00a0sonido, el montaje, la fotograf\u00eda y la realizaci\u00f3n se desplegar\u00e1n talleres espec\u00edficos para que un grupo m\u00e1s peque\u00f1o de profesionales pueda hablar de forma m\u00e1s directa y personal con los invitados sobre las particularidades de su oficio. Las inscripciones para estos talleres se abrir\u00e1n en los pr\u00f3ximos d\u00edas.\u00a0<\/span><\/div>\n<div><span style=\"font-family: trebuchet ms, sans-serif;\">\u00a0<\/span><\/div>\n<div><span style=\"color: #000000; font-family: trebuchet ms, sans-serif;\">El programa del\u00a0<span style=\"color: #a64d79;\">Seminario Documental<\/span><span style=\"color: #c27ba0;\">\u00a0<\/span>se completa con un encuentro en torno al documental como memoria y el acervo institucional brindado por el director del C\u00edrculo de Bellas Artes de Madrid Juan Barja; los ya tradicionales di\u00e1logos documentales que propone Marta Andreu; y las actividades de Pitching Series y Pitching Documental.<\/span><\/div>\n<div><\/div>\n<div><span style=\"font-family: trebuchet ms, sans-serif;\"><span style=\"color: #a64d79;\"><b>Ver\u00a0<\/b><\/span><b><span style=\"color: #a64d79;\">programa completo<\/span><\/b>:\u00a0<a href=\"https:\/\/www.docmontevideo.com\/formacion\/seminario-documental\/\" target=\"_blank\" rel=\"noopener\">https:\/\/www.docmonte<wbr \/>video.com\/formacion\/seminario-<wbr \/>documental\/<\/a><\/span><\/div>\n<div><span style=\"font-family: trebuchet ms, sans-serif;\"><span style=\"color: #a64d79;\"><b>Inscripciones abiertas hasta completar plazas<\/b><\/span>:\u00a0<a href=\"https:\/\/www.forms.docmontevideo.com\/acreditacion-general\/\" target=\"_blank\" rel=\"noopener\">https:\/\/www.forms.docm<wbr \/>ontevideo.com\/acreditacion-gen<wbr \/>eral\/\u00a0<\/a><\/span><\/div>\n","protected":false},"excerpt":{"rendered":"<p>Ya est&aacute;n abiertas las inscripciones del&nbsp;Seminario Documental&nbsp;de la d&eacute;cima edici&oacute;n del DocMontevideo, que se celebrar&aacute; entre el&nbsp;21 y el 27 de julio.&nbsp; &nbsp; En esta versi&oacute;n,&nbsp;el tradicional Workshop Documental cambia su nombre y gana una nueva perspectiva: el programa de este a&ntilde;o busca traer diferentes aproximaciones sobre los&nbsp;procesos creativos del documental, incluyendo la visi&oacute;n de&#8230; <\/p>\n<div class=\"clear\"><\/div>\n<p><a href=\"https:\/\/ecu.edu.uy\/sitioweb\/inscripciones-abiertas-seminario-documental-docmontevideo-2018\/\" class=\"gdlr-button with-border excerpt-read-more\">Leer mas<\/a><\/p>\n","protected":false},"author":2,"featured_media":5638,"comment_status":"open","ping_status":"open","sticky":false,"template":"","format":"standard","meta":[],"categories":[217],"tags":[],"_links":{"self":[{"href":"https:\/\/ecu.edu.uy\/sitioweb\/wp-json\/wp\/v2\/posts\/6391"}],"collection":[{"href":"https:\/\/ecu.edu.uy\/sitioweb\/wp-json\/wp\/v2\/posts"}],"about":[{"href":"https:\/\/ecu.edu.uy\/sitioweb\/wp-json\/wp\/v2\/types\/post"}],"author":[{"embeddable":true,"href":"https:\/\/ecu.edu.uy\/sitioweb\/wp-json\/wp\/v2\/users\/2"}],"replies":[{"embeddable":true,"href":"https:\/\/ecu.edu.uy\/sitioweb\/wp-json\/wp\/v2\/comments?post=6391"}],"version-history":[{"count":1,"href":"https:\/\/ecu.edu.uy\/sitioweb\/wp-json\/wp\/v2\/posts\/6391\/revisions"}],"predecessor-version":[{"id":6392,"href":"https:\/\/ecu.edu.uy\/sitioweb\/wp-json\/wp\/v2\/posts\/6391\/revisions\/6392"}],"wp:featuredmedia":[{"embeddable":true,"href":"https:\/\/ecu.edu.uy\/sitioweb\/wp-json\/wp\/v2\/media\/5638"}],"wp:attachment":[{"href":"https:\/\/ecu.edu.uy\/sitioweb\/wp-json\/wp\/v2\/media?parent=6391"}],"wp:term":[{"taxonomy":"category","embeddable":true,"href":"https:\/\/ecu.edu.uy\/sitioweb\/wp-json\/wp\/v2\/categories?post=6391"},{"taxonomy":"post_tag","embeddable":true,"href":"https:\/\/ecu.edu.uy\/sitioweb\/wp-json\/wp\/v2\/tags?post=6391"}],"curies":[{"name":"wp","href":"https:\/\/api.w.org\/{rel}","templated":true}]}}