{"id":6598,"date":"2018-10-19T19:40:53","date_gmt":"2018-10-19T22:40:53","guid":{"rendered":"http:\/\/ecu.edu.uy\/sitioweb\/?p=6598"},"modified":"2018-10-19T19:40:54","modified_gmt":"2018-10-19T22:40:54","slug":"ya-no-hay-tiempo-para-lo-superfluo","status":"publish","type":"post","link":"https:\/\/ecu.edu.uy\/sitioweb\/ya-no-hay-tiempo-para-lo-superfluo\/","title":{"rendered":"\u201cYa no hay tiempo para lo superfluo\u201d"},"content":{"rendered":"<p>La cineasta catalana Isabel Coixet habla en Oviedo de cine y de fe con Martin Scorsese, con motivo del Premio Princesa de Asturias de las Artes que el neoyorquino recibe este viernes.<\/p>\n<p>Dice Scorsese:<\/p>\n<p>&#8220;Estoy intentando encontrar la esencia de lo que quiero decir. Incluso en los primeros planos de una persona hablando. Mover la c\u00e1mara es maravilloso, claro, pero&#8230; no s\u00e9 si hay algo m\u00e1s que se pueda decir con el movimiento, con una gr\u00faa o con un dron o con cien drones&#8230; Ahora cualquiera puede hacerlo. Cualquiera puede hacer cualquier cosa. Por eso, hacer pel\u00edculas es un desaf\u00edo mucho mayor que nunca en la historia. Porque ya no hay tiempo para lo&#8230; superfluo. Lo innecesario. Y preguntarte constantemente: \u00bfqu\u00e9 es lo necesario? \u00bfQu\u00e9 historia est\u00e1 ah\u00ed agazapada, escondida, qu\u00e9 historia merece la pena, y el esfuerzo y el coraje que hace falta, para hacer una pel\u00edcula? Eso es lo que los directores tenemos que plantearnos todos los d\u00edas.&#8221;<\/p>\n<p><a href=\"https:\/\/elpais.com\/cultura\/2018\/10\/17\/actualidad\/1539807099_335841.html\" target=\"_blank\" rel=\"noopener\"><strong>Leer la conversaci\u00f3n completa<\/strong><\/a><\/p>\n","protected":false},"excerpt":{"rendered":"<p>La cineasta catalana Isabel Coixet habla en Oviedo de cine y de fe con Martin Scorsese, con motivo del Premio Princesa de Asturias de las Artes que el neoyorquino recibe este viernes. Dice Scorsese: &ldquo;Estoy intentando encontrar la esencia de lo que quiero decir. Incluso en los primeros planos de una persona hablando. Mover la&#8230; <\/p>\n<div class=\"clear\"><\/div>\n<p><a href=\"https:\/\/ecu.edu.uy\/sitioweb\/ya-no-hay-tiempo-para-lo-superfluo\/\" class=\"gdlr-button with-border excerpt-read-more\">Leer mas<\/a><\/p>\n","protected":false},"author":2,"featured_media":6599,"comment_status":"open","ping_status":"open","sticky":false,"template":"","format":"standard","meta":[],"categories":[177,162,175,176,217],"tags":[],"_links":{"self":[{"href":"https:\/\/ecu.edu.uy\/sitioweb\/wp-json\/wp\/v2\/posts\/6598"}],"collection":[{"href":"https:\/\/ecu.edu.uy\/sitioweb\/wp-json\/wp\/v2\/posts"}],"about":[{"href":"https:\/\/ecu.edu.uy\/sitioweb\/wp-json\/wp\/v2\/types\/post"}],"author":[{"embeddable":true,"href":"https:\/\/ecu.edu.uy\/sitioweb\/wp-json\/wp\/v2\/users\/2"}],"replies":[{"embeddable":true,"href":"https:\/\/ecu.edu.uy\/sitioweb\/wp-json\/wp\/v2\/comments?post=6598"}],"version-history":[{"count":1,"href":"https:\/\/ecu.edu.uy\/sitioweb\/wp-json\/wp\/v2\/posts\/6598\/revisions"}],"predecessor-version":[{"id":6600,"href":"https:\/\/ecu.edu.uy\/sitioweb\/wp-json\/wp\/v2\/posts\/6598\/revisions\/6600"}],"wp:featuredmedia":[{"embeddable":true,"href":"https:\/\/ecu.edu.uy\/sitioweb\/wp-json\/wp\/v2\/media\/6599"}],"wp:attachment":[{"href":"https:\/\/ecu.edu.uy\/sitioweb\/wp-json\/wp\/v2\/media?parent=6598"}],"wp:term":[{"taxonomy":"category","embeddable":true,"href":"https:\/\/ecu.edu.uy\/sitioweb\/wp-json\/wp\/v2\/categories?post=6598"},{"taxonomy":"post_tag","embeddable":true,"href":"https:\/\/ecu.edu.uy\/sitioweb\/wp-json\/wp\/v2\/tags?post=6598"}],"curies":[{"name":"wp","href":"https:\/\/api.w.org\/{rel}","templated":true}]}}