{"id":6833,"date":"2019-03-19T21:35:38","date_gmt":"2019-03-20T00:35:38","guid":{"rendered":"http:\/\/ecu.edu.uy\/sitioweb\/?p=6833"},"modified":"2019-04-24T17:56:48","modified_gmt":"2019-04-24T20:56:48","slug":"convocatoria-al-19-festival-internacional-de-escuelas-de-cine","status":"publish","type":"post","link":"https:\/\/ecu.edu.uy\/sitioweb\/convocatoria-al-19-festival-internacional-de-escuelas-de-cine\/","title":{"rendered":"Convocatoria al 19 Festival Internacional de Escuelas de Cine"},"content":{"rendered":"<p><strong>La Escuela de Cine del Uruguay (ECU) y Cinemateca Uruguaya abren la convocatoria al 19 Festival Internacional de Escuelas de Cine, a realizarse en la nueva sede de Cinemateca en Montevideo del 14 al 17 de agosto de 2019.<\/strong><\/p>\n<p>La participaci\u00f3n est\u00e1 abierta a cortometrajes de hasta 30 minutos, de ficci\u00f3n, documental y animaci\u00f3n, realizados por estudiantes de escuelas de cine de nivel terciario (profesional) tanto p\u00fablicas como privadas de cualquier pa\u00eds del mundo, y que hayan sido finalizados a partir del 1\u00ba de enero de 2018. La\u00a0 inscripci\u00f3n se realiza exclusivamente a trav\u00e9s de la plataforma Evennial, registr\u00e1ndose y completando la inscripci\u00f3n online gratuitamente <strong>hasta el lunes 27 de mayo de 2019<\/strong> en: <a href=\"https:\/\/evennial.com\/es\/festival\/19-fiec-uy\">https:\/\/evennial.com\/es\/festival\/19-fiec-uy<\/a><\/p>\n<p>El Festival Internacional de Escuelas de Cine (FIEC), organizado anualmente desde el a\u00f1o 2000, es el \u00fanico espacio en Uruguay dedicado exclusivamente a la exhibici\u00f3n de trabajos de centros de formaci\u00f3n profesional audiovisual a nivel nacional, regional e internacional. En estos 18 a\u00f1os, el FIEC ha reunido trabajos de m\u00e1s de 90 escuelas de cine de todo el mundo, incorporando en cada edici\u00f3n nuevas instituciones y pa\u00edses.<\/p>\n<p>Su misi\u00f3n es, en primer lugar, permitir el acceso del p\u00fablico (con entrada libre) a ese tipo de producci\u00f3n no comercial que habitualmente no tienen difusi\u00f3n m\u00e1s all\u00e1 del \u00e1mbito acad\u00e9mico. En segundo lugar, promover el intercambio art\u00edstico y acad\u00e9mico con otros centros de formaci\u00f3n profesional del pa\u00eds y del exterior a trav\u00e9s de la difusi\u00f3n de sus mejores trabajos.<\/p>\n<p>El FIEC se realiza todos los a\u00f1os en el mes de agosto, durante cuatro jornadas en las que se exhibe una selecci\u00f3n de cortometrajes estudiantiles de ficci\u00f3n, documental y animaci\u00f3n. Existen dos jurados oficiales: uno internacional, integrado por profesionales y docentes de cine, y otro de estudiantes (integrado por representantes de tres instituciones de formaci\u00f3n audiovisual tanto p\u00fablicas como privadas), que eligen los mejores trabajos en cada categor\u00eda, incluyendo el mejor corto nacional.<\/p>\n<p>Paralelamente se llevan a cabo talleres, mesas redondas y conferencias a cargo de realizadores, productores, acad\u00e9micos y profesionales de la industria, tanto locales como extranjeros, dirigidas a estudiantes y egresados de todos los centros de formaci\u00f3n audiovisual del pa\u00eds.<\/p>\n<p>El FIEC es, por tanto, un punto de encuentro entre estudiantes de cine y audiovisual, docentes, realizadores, interesados y p\u00fablico en general, reunidos en torno a la producci\u00f3n de las mejores escuelas de cine del mundo y a la reflexi\u00f3n e intercambio de experiencias sobre la creaci\u00f3n y producci\u00f3n cinematogr\u00e1fica.<\/p>\n<p><a href=\"https:\/\/evennial.com\/es\/festival\/19-fiec-uy\" target=\"_blank\" rel=\"noopener\"><strong>Ver m\u00e1s informaci\u00f3n sobre el festival, bases de participaci\u00f3n e inscripciones<\/strong><\/a><\/p>\n<p><a href=\"http:\/\/www.ecu.edu.uy\/sitioweb\/festival\/\" target=\"_blank\" rel=\"noopener\"><strong>Ver anteriores ediciones del festival<\/strong><\/a><\/p>\n","protected":false},"excerpt":{"rendered":"<p>La Escuela de Cine del Uruguay (ECU) y Cinemateca Uruguaya abren la convocatoria al 19 Festival Internacional de Escuelas de Cine, a realizarse en la nueva sede de Cinemateca en Montevideo del 14 al 17 de agosto de 2019. La participaci&oacute;n est&aacute; abierta a cortometrajes de hasta 30 minutos, de ficci&oacute;n, documental y animaci&oacute;n, realizados&#8230; <\/p>\n<div class=\"clear\"><\/div>\n<p><a href=\"https:\/\/ecu.edu.uy\/sitioweb\/convocatoria-al-19-festival-internacional-de-escuelas-de-cine\/\" class=\"gdlr-button with-border excerpt-read-more\">Leer mas<\/a><\/p>\n","protected":false},"author":2,"featured_media":6834,"comment_status":"open","ping_status":"open","sticky":false,"template":"","format":"standard","meta":[],"categories":[82,80],"tags":[136,129,348,99],"_links":{"self":[{"href":"https:\/\/ecu.edu.uy\/sitioweb\/wp-json\/wp\/v2\/posts\/6833"}],"collection":[{"href":"https:\/\/ecu.edu.uy\/sitioweb\/wp-json\/wp\/v2\/posts"}],"about":[{"href":"https:\/\/ecu.edu.uy\/sitioweb\/wp-json\/wp\/v2\/types\/post"}],"author":[{"embeddable":true,"href":"https:\/\/ecu.edu.uy\/sitioweb\/wp-json\/wp\/v2\/users\/2"}],"replies":[{"embeddable":true,"href":"https:\/\/ecu.edu.uy\/sitioweb\/wp-json\/wp\/v2\/comments?post=6833"}],"version-history":[{"count":4,"href":"https:\/\/ecu.edu.uy\/sitioweb\/wp-json\/wp\/v2\/posts\/6833\/revisions"}],"predecessor-version":[{"id":6897,"href":"https:\/\/ecu.edu.uy\/sitioweb\/wp-json\/wp\/v2\/posts\/6833\/revisions\/6897"}],"wp:featuredmedia":[{"embeddable":true,"href":"https:\/\/ecu.edu.uy\/sitioweb\/wp-json\/wp\/v2\/media\/6834"}],"wp:attachment":[{"href":"https:\/\/ecu.edu.uy\/sitioweb\/wp-json\/wp\/v2\/media?parent=6833"}],"wp:term":[{"taxonomy":"category","embeddable":true,"href":"https:\/\/ecu.edu.uy\/sitioweb\/wp-json\/wp\/v2\/categories?post=6833"},{"taxonomy":"post_tag","embeddable":true,"href":"https:\/\/ecu.edu.uy\/sitioweb\/wp-json\/wp\/v2\/tags?post=6833"}],"curies":[{"name":"wp","href":"https:\/\/api.w.org\/{rel}","templated":true}]}}