{"id":6898,"date":"2019-04-24T19:30:37","date_gmt":"2019-04-24T22:30:37","guid":{"rendered":"http:\/\/ecu.edu.uy\/sitioweb\/?p=6898"},"modified":"2019-04-24T19:30:37","modified_gmt":"2019-04-24T22:30:37","slug":"inscripciones-abiertas-para-la-9a-edicion-del-brlab-laboratorio-de-desarrollo-de-proyectos-audiovisuales-de-brasil","status":"publish","type":"post","link":"https:\/\/ecu.edu.uy\/sitioweb\/inscripciones-abiertas-para-la-9a-edicion-del-brlab-laboratorio-de-desarrollo-de-proyectos-audiovisuales-de-brasil\/","title":{"rendered":"Inscripciones abiertas para la 9\u00aa edici\u00f3n del BrLab, Laboratorio de Desarrollo de Proyectos Audiovisuales de Brasil"},"content":{"rendered":"<p>BrLab, el \u00fanico Laboratorio de Desarrollo de Proyectos Audiovisuales de Brasil que incentiva y recibe proyectos de toda Am\u00e9rica Latina y la Pen\u00ednsula Ib\u00e9rica, acaba de abrir su convocatoria anual para directores y productores interesados en participar de su novena edici\u00f3n. Los proyectos de largometraje de ficci\u00f3n se podr\u00e1n inscribir gratuitamente hasta el 26 de abril de 2019 en el sitio web de BrLab \u2013 Laborat\u00f3rio de Desenvolvimento de Projetos Audiovisuais: <a href=\"http:\/\/www.brlab.com.br\">www.brlab.com.br<\/a>. BrLab es una actividad desarrollada por Klaxon Cultura Audiovisual conjuntamente con Projeto Paradiso, Spcine, la secretar\u00eda municipal de Cultura de S\u00e3o Paulo y la secretar\u00eda especial de Cultura del Ministerio de la Ciudadan\u00eda, y fue seleccionada para recibir el Apoyo a Programas de Fornaci\u00f3n del Programa Ibermedia.<\/p>\n<p>\u201cEs una excelente oportunidad para que profesionales de Brasil, Am\u00e9rica Latina y la Pen\u00ednsula Ib\u00e9rica inscriban sus proyectos para participar de un taller intensivo que ofrece un ambiente internacional de inmersi\u00f3n con proyectos de diferentes pa\u00edses y el trabajo con consultores y conferenciantes brasile\u00f1os y extranjeros, a partir de un formato \u00fanico en Brasil que estimula no solamente las coproducciones oficiales, sino tambi\u00e9n colaboraciones creativas, cooperaciones econ\u00f3micas y culturales, y que se constituye cada vez m\u00e1s como un espacio importante para la capacitaci\u00f3n, la reflexi\u00f3n y el pensamiento para profesionales del sector audiovisual brasile\u00f1o e internacional\u201d, explic\u00f3 Rafael Sampaio, director de BrLab.<\/p>\n<p>La novena edici\u00f3n de BrLab se celebrar\u00e1 del 3 al 9 de octubre de 2019 en S\u00e3o Paulo, y los profesionales interesados en participar podr\u00e1n inscribir sus proyectos gratuitamente hasta el viernes 26 de abril.<\/p>\n<p>La convocatoria est\u00e1 abierta a proyectos de largo metraje de ficci\u00f3n en desarrollo de cualquier pa\u00eds de la regi\u00f3n iberoamericana, que ya tengan productor(a) y director(a) definidos, y que ambos puedan estar presentes todos los d\u00edas del evento en S\u00e3o Paulo.<\/p>\n<p>Hasta el viernes 26 de abril de 2019 podr\u00e1n inscribirse proyectos de largometraje de ficci\u00f3n en desarrollo de cualquier pa\u00eds de Am\u00e9rica Latina y la Pen\u00ednsula Ib\u00e9rica (m\u00e1s Italia, de acuerdo con el criterio amplio del Programa Ibermedia) que cuenten con productor(a) y director(a) definidos.<\/p>\n<p>Este a\u00f1o, Ibermedia ofrece becas para los participantes de los proyectos que resulten seleccionados por los organizadores.<\/p>\n<p>M\u00e1s informaci\u00f3n: <a href=\"http:\/\/brlab.com.br\">http:\/\/brlab.com.br<\/a><\/p>\n<p>BrLab es una actividad desarrollada por Klaxon Cultura Audiovisual conjuntamente con Projeto Paradiso, Spcine, la secretar\u00eda municipal de Cultura de S\u00e3o Paulo y la secretar\u00eda especial de Cultura del Ministerio de la Ciudadan\u00eda; patrocinado por BRDE, Fondo Sectorial del Audiovisual y por la ANCINE, Agencia Nacional de Cine de Brasil, y copatrocinado por el Programa Ibermedia. La actividad se realiza tambi\u00e9n gracias al apoyo del Instituto Cervantes, Vitrine Filmes, FiGa\/Br, Festival Rencontres Cin\u00e9mas d\u2019Am\u00e9rique Latine de Toulouse (Cin\u00e9ma en D\u00e9veloppement), Tribeca Film Institute, TorinoFilmLab, Cinema do Brasil, ApexBrasil, Espa\u00e7o Ita\u00fa de Cinema, ABRA \u2013 Associa\u00e7\u00e3o Brasileira de Autores Roteiristas, LatAm Cinema, Revista de Cinema, Cesnik Quintino &amp; Salinas Advogados, c\/as4atro, 3 Puertos Cine, Cinemateca Brasileira, Consulado General de Portugal en S\u00e3o Paulo, Instituto Cam\u00f5es, Embajada de Francia en Brasil, Institut Fran\u00e7ais, Consulado General de Israel en S\u00e3o Paulo, Consulado General de M\u00e9xico en S\u00e3o Paulo y la Secretar\u00eda de Relaciones Exteriores de M\u00e9xico.<\/p>\n<p>El proyecto fue seleccionado a trav\u00e9s del edicto SAV\/MinC\/FSA n\u00ba 11\/2018 y del edicto de Apoyo a Programas de Formaci\u00f3n del Programa Ibermedia.<\/p>\n<p>Convocatoria: <a href=\"http:\/\/brlab.com.br\/ano\/2019\/\">http:\/\/brlab.com.br\/ano\/2019\/<\/a><\/p>\n<p>Email: <a href=\"mailto:contato@brlab.com.br\">contato@brlab.com.br<\/a><\/p>\n<p>&nbsp;<\/p>\n","protected":false},"excerpt":{"rendered":"<p>BrLab, el &uacute;nico Laboratorio de Desarrollo de Proyectos Audiovisuales de Brasil que incentiva y recibe proyectos de toda Am&eacute;rica Latina y la Pen&iacute;nsula Ib&eacute;rica, acaba de abrir su convocatoria anual para directores y productores interesados en participar de su novena edici&oacute;n. Los proyectos de largometraje de ficci&oacute;n se podr&aacute;n inscribir gratuitamente hasta el 26 de&#8230; <\/p>\n<div class=\"clear\"><\/div>\n<p><a href=\"https:\/\/ecu.edu.uy\/sitioweb\/inscripciones-abiertas-para-la-9a-edicion-del-brlab-laboratorio-de-desarrollo-de-proyectos-audiovisuales-de-brasil\/\" class=\"gdlr-button with-border excerpt-read-more\">Leer mas<\/a><\/p>\n","protected":false},"author":2,"featured_media":6899,"comment_status":"open","ping_status":"open","sticky":false,"template":"","format":"standard","meta":[],"categories":[217],"tags":[],"_links":{"self":[{"href":"https:\/\/ecu.edu.uy\/sitioweb\/wp-json\/wp\/v2\/posts\/6898"}],"collection":[{"href":"https:\/\/ecu.edu.uy\/sitioweb\/wp-json\/wp\/v2\/posts"}],"about":[{"href":"https:\/\/ecu.edu.uy\/sitioweb\/wp-json\/wp\/v2\/types\/post"}],"author":[{"embeddable":true,"href":"https:\/\/ecu.edu.uy\/sitioweb\/wp-json\/wp\/v2\/users\/2"}],"replies":[{"embeddable":true,"href":"https:\/\/ecu.edu.uy\/sitioweb\/wp-json\/wp\/v2\/comments?post=6898"}],"version-history":[{"count":1,"href":"https:\/\/ecu.edu.uy\/sitioweb\/wp-json\/wp\/v2\/posts\/6898\/revisions"}],"predecessor-version":[{"id":6900,"href":"https:\/\/ecu.edu.uy\/sitioweb\/wp-json\/wp\/v2\/posts\/6898\/revisions\/6900"}],"wp:featuredmedia":[{"embeddable":true,"href":"https:\/\/ecu.edu.uy\/sitioweb\/wp-json\/wp\/v2\/media\/6899"}],"wp:attachment":[{"href":"https:\/\/ecu.edu.uy\/sitioweb\/wp-json\/wp\/v2\/media?parent=6898"}],"wp:term":[{"taxonomy":"category","embeddable":true,"href":"https:\/\/ecu.edu.uy\/sitioweb\/wp-json\/wp\/v2\/categories?post=6898"},{"taxonomy":"post_tag","embeddable":true,"href":"https:\/\/ecu.edu.uy\/sitioweb\/wp-json\/wp\/v2\/tags?post=6898"}],"curies":[{"name":"wp","href":"https:\/\/api.w.org\/{rel}","templated":true}]}}