{"id":7425,"date":"2020-05-13T22:04:29","date_gmt":"2020-05-14T01:04:29","guid":{"rendered":"https:\/\/ecu.edu.uy\/sitioweb\/?p=7425"},"modified":"2020-05-21T21:51:45","modified_gmt":"2020-05-22T00:51:45","slug":"cursos-online-en-la-ecu","status":"publish","type":"post","link":"https:\/\/ecu.edu.uy\/sitioweb\/cursos-online-en-la-ecu\/","title":{"rendered":"Cursos y talleres online en la ECU"},"content":{"rendered":"<p>La <strong>Esuela de Cine del Uruguay (ECU)<\/strong>, en el marco de sus 25 a\u00f1os, anuncia que est\u00e1n abiertas las inscripciones para los diferentes cursos y talleres extracurriculares en la modalidad online.<\/p>\n<p>La escuela se adapta de este modo a la situaci\u00f3n de emergencia sanitaria y a las medidas de prevenci\u00f3n establecidas a ra\u00edz del Covid-19, ofreciendo su ya cl\u00e1sica propuesta de formaci\u00f3n extracurricular a trav\u00e9s de esta nueva modalidad que permite, de hecho, llegar a personas interesadas que no residen en Montevideo.<\/p>\n<p>Las clases se dictar\u00e1n a trav\u00e9s del programa <a href=\"https:\/\/zoom.us\/\" target=\"_blank\" rel=\"noopener noreferrer\"><strong>Zoom<\/strong><\/a>, que est\u00e1 siendo utilizado exitosamente en los cursos curriculares de la <a href=\"https:\/\/ecu.edu.uy\/sitioweb\/carrera-de-realizacion-cinematografica\/\"><strong>Carrera de Realizaci\u00f3n Cinematogr\u00e1fica<\/strong><\/a> y <a href=\"https:\/\/ecu.edu.uy\/sitioweb\/diplomados\/\"><strong>Diplomados<\/strong> <\/a>2020, as\u00ed como en <strong>Zoom In<\/strong>, la serie de charlas magistrales online con cineastas y actores del mundo audiovisual que se desarrolla los s\u00e1bados de tarde.<\/p>\n<p>Los primeros cursos previstos comienzan entre fines de mayo e inicios de junio, de acuerdo al siguiente cronograma:<\/p>\n<p><a href=\"https:\/\/ecu.edu.uy\/sitioweb\/course\/curso-de-workflow-digital\/\"><strong>Introducci\u00f3n al Workflow Digital<\/strong><\/a> \u2013 Docente: Daff Schneydher &#8211; Inicio: mi\u00e9rcoles 20 de mayo<\/p>\n<p><a href=\"https:\/\/ecu.edu.uy\/sitioweb\/course\/cursotaller-de-produccion\/\"><strong>Curso Online de Producci\u00f3n<\/strong><\/a> \u2013 Docente: Florencia Chao \u2013 Inicio: martes 26 de mayo<\/p>\n<p><a href=\"https:\/\/ecu.edu.uy\/sitioweb\/course\/taller-de-analisis-cinematografico\/\"><strong>Taller de An\u00e1lisis Cinematogr\u00e1fico<\/strong><\/a> \u2013 Docente: Alex Piperno \u2013 Inicio: jueves 4 de junio<\/p>\n<p><a href=\"https:\/\/ecu.edu.uy\/sitioweb\/course\/filmar-lo-real-taller-de-desarrollo-y-realizacion-documental\/\"><strong>Filmar lo real: Taller de Desarrollo y Realizaci\u00f3n Documental<\/strong><\/a> \u2013 Docente: Cristian Pauls \u2013 Inicio: s\u00e1bado 13 de junio<\/p>\n<p><a href=\"https:\/\/ecu.edu.uy\/sitioweb\/course\/taller-de-escritura-creativa\/\" target=\"_blank\" rel=\"noopener noreferrer\"><strong>Taller Online de Escritura Creativa<\/strong><\/a> &#8211; Docente: Manuel Soriano &#8211; Inicio: lunes 6 de julio<\/p>\n<p>Este cronograma puede variar de acuerdo a las inscripciones, en cuyo caso ser\u00e1 informado oportunamente.<\/p>\n<p>Entre los pr\u00f3ximos cursos y talleres previstos para este a\u00f1o (y que se ir\u00e1n sumando a la oferta) est\u00e1n: Guion Inicial, Animaci\u00f3n y VFX, Cine Inicial, Taller de Cortometraje, Cr\u00edtica Cinematogr\u00e1fica, Direcci\u00f3n de Fotograf\u00eda y Direcci\u00f3n de Arte.<\/p>\n<p>Tambi\u00e9n siguen abiertas las inscripciones para la Generaci\u00f3n 2020 del <a href=\"https:\/\/ecu.edu.uy\/sitioweb\/diplomado-actuacion-en-cine-y-television\/\"><strong>Diplomado en Actuaci\u00f3n para Cine y Televisi\u00f3n<\/strong><\/a>, que comienza en el mes de julio y tiene un a\u00f1o de duraci\u00f3n. Las inscripciones para la Carrera de Realizaci\u00f3n Cinematogr\u00e1fica y dem\u00e1s Diplomados 2020 se abren en el mes de setiembre.<\/p>\n<p>Estudiantes, socios de Cinemateca, ASOPROD, AGADU y Comunidad La Diaria tienen un 20% de descuento en todos los cursos y talleres extracurriculares, presentando comprobante vigente.<\/p>\n<p><strong>Por informes e inscripciones comunicarse al WhatsApp (598) 92 893827 (de lunes a viernes de 13:00 a 21:00 horas) o al mail <a href=\"mailto:info@ecu.edu.uy\">info@ecu.edu.uy<\/a><\/strong><\/p>\n","protected":false},"excerpt":{"rendered":"<p>La Esuela de Cine del Uruguay (ECU), en el marco de sus 25 a&ntilde;os, anuncia que est&aacute;n abiertas las inscripciones para los diferentes cursos y talleres extracurriculares en la modalidad online. La escuela se adapta de este modo a la situaci&oacute;n de emergencia sanitaria y a las medidas de prevenci&oacute;n establecidas a ra&iacute;z del Covid-19,&#8230; <\/p>\n<div class=\"clear\"><\/div>\n<p><a href=\"https:\/\/ecu.edu.uy\/sitioweb\/cursos-online-en-la-ecu\/\" class=\"gdlr-button with-border excerpt-read-more\">Leer mas<\/a><\/p>\n","protected":false},"author":2,"featured_media":7427,"comment_status":"open","ping_status":"open","sticky":false,"template":"","format":"standard","meta":[],"categories":[82,80],"tags":[],"_links":{"self":[{"href":"https:\/\/ecu.edu.uy\/sitioweb\/wp-json\/wp\/v2\/posts\/7425"}],"collection":[{"href":"https:\/\/ecu.edu.uy\/sitioweb\/wp-json\/wp\/v2\/posts"}],"about":[{"href":"https:\/\/ecu.edu.uy\/sitioweb\/wp-json\/wp\/v2\/types\/post"}],"author":[{"embeddable":true,"href":"https:\/\/ecu.edu.uy\/sitioweb\/wp-json\/wp\/v2\/users\/2"}],"replies":[{"embeddable":true,"href":"https:\/\/ecu.edu.uy\/sitioweb\/wp-json\/wp\/v2\/comments?post=7425"}],"version-history":[{"count":6,"href":"https:\/\/ecu.edu.uy\/sitioweb\/wp-json\/wp\/v2\/posts\/7425\/revisions"}],"predecessor-version":[{"id":7440,"href":"https:\/\/ecu.edu.uy\/sitioweb\/wp-json\/wp\/v2\/posts\/7425\/revisions\/7440"}],"wp:featuredmedia":[{"embeddable":true,"href":"https:\/\/ecu.edu.uy\/sitioweb\/wp-json\/wp\/v2\/media\/7427"}],"wp:attachment":[{"href":"https:\/\/ecu.edu.uy\/sitioweb\/wp-json\/wp\/v2\/media?parent=7425"}],"wp:term":[{"taxonomy":"category","embeddable":true,"href":"https:\/\/ecu.edu.uy\/sitioweb\/wp-json\/wp\/v2\/categories?post=7425"},{"taxonomy":"post_tag","embeddable":true,"href":"https:\/\/ecu.edu.uy\/sitioweb\/wp-json\/wp\/v2\/tags?post=7425"}],"curies":[{"name":"wp","href":"https:\/\/api.w.org\/{rel}","templated":true}]}}