{"id":8517,"date":"2022-08-29T10:23:40","date_gmt":"2022-08-29T13:23:40","guid":{"rendered":"https:\/\/ecu.edu.uy\/sitioweb\/?p=8517"},"modified":"2022-09-05T22:56:04","modified_gmt":"2022-09-06T01:56:04","slug":"22-festival-en-canelones","status":"publish","type":"post","link":"https:\/\/ecu.edu.uy\/sitioweb\/22-festival-en-canelones\/","title":{"rendered":"22 Festival de Escuelas de Cine en Canelones"},"content":{"rendered":"<p>Este a\u00f1o y por primera vez el <strong>Festival Internacional de Escuelas de Cine (FIEC)<\/strong>, organizado por la <strong>Escuela de Cine del Uruguay (ECU) y Cinemateca Uruguaya<\/strong>, contar\u00e1 con exhibiciones alternativas en localidades fuera de Montevideo, como parte de su objetivo de formaci\u00f3n de p\u00fablicos. Esas exhibiciones tendr\u00e1n lugar en el departamento de Canelones, en coordinaci\u00f3n con <strong>Canelones Audiovisual<\/strong>, el viernes 26 de agosto en el <strong>Centro Cultural Parque del Plata<\/strong> y el viernes 9 de setiembre en el <strong>Complejo Cultural Politeama<\/strong> de la capital departamental.<\/p>\n<p>Ambas instancias, especialmente dirigidas a estudiantes de bachilleratos art\u00edsticos aunque abiertas a todo p\u00fablico, tienen como objetivo ampliar la mirada de las nuevas generaciones de espectadores mediante el acceso a material alternativo de calidad, buscando de ese modo generar la reflexi\u00f3n y el intercambio de ideas sobre el mundo que les rodea y sobre el cine como medio de expresi\u00f3n. Y al mismo tiempo, presentar la formaci\u00f3n en cine y audiovisual como una posibilidad real de dedicaci\u00f3n profesional en nuestro pa\u00eds, gracias al creciente desarrollo del sector en los \u00faltimos a\u00f1os. Estas exhibiciones, que tendr\u00e1n lugar en fechas inmediatamente posteriores al festival, permitir\u00e1n adem\u00e1s acercar la programaci\u00f3n del evento a nuevos espectadores.<\/p>\n<p>Cada proyecci\u00f3n \u2013 que tendr\u00e1 una duraci\u00f3n aproximada de 80 minutos &#8211; incluir\u00e1 una instancia de presentaci\u00f3n, intercambio de ideas y reflexiones en torno a las pel\u00edculas vistas. <strong>La entrada es libre.<\/strong><\/p>\n<p><img loading=\"lazy\" class=\"alignnone wp-image-8518\" src=\"https:\/\/ecu.edu.uy\/wp-content\/uploads\/2022\/08\/ParquedelPlata.png\" alt=\"\" width=\"380\" height=\"380\" srcset=\"https:\/\/ecu.edu.uy\/wp-content\/uploads\/2022\/08\/ParquedelPlata.png 1200w, https:\/\/ecu.edu.uy\/wp-content\/uploads\/2022\/08\/ParquedelPlata-300x300.png 300w, https:\/\/ecu.edu.uy\/wp-content\/uploads\/2022\/08\/ParquedelPlata-1024x1024.png 1024w, https:\/\/ecu.edu.uy\/wp-content\/uploads\/2022\/08\/ParquedelPlata-150x150.png 150w, https:\/\/ecu.edu.uy\/wp-content\/uploads\/2022\/08\/ParquedelPlata-768x768.png 768w, https:\/\/ecu.edu.uy\/wp-content\/uploads\/2022\/08\/ParquedelPlata-400x400.png 400w\" sizes=\"(max-width: 380px) 100vw, 380px\" \/><img loading=\"lazy\" class=\"alignnone wp-image-8583\" src=\"https:\/\/ecu.edu.uy\/wp-content\/uploads\/2022\/08\/Politeama-1.png\" alt=\"\" width=\"379\" height=\"379\" srcset=\"https:\/\/ecu.edu.uy\/wp-content\/uploads\/2022\/08\/Politeama-1.png 1200w, https:\/\/ecu.edu.uy\/wp-content\/uploads\/2022\/08\/Politeama-1-300x300.png 300w, https:\/\/ecu.edu.uy\/wp-content\/uploads\/2022\/08\/Politeama-1-1024x1024.png 1024w, https:\/\/ecu.edu.uy\/wp-content\/uploads\/2022\/08\/Politeama-1-150x150.png 150w, https:\/\/ecu.edu.uy\/wp-content\/uploads\/2022\/08\/Politeama-1-768x768.png 768w, https:\/\/ecu.edu.uy\/wp-content\/uploads\/2022\/08\/Politeama-1-400x400.png 400w\" sizes=\"(max-width: 379px) 100vw, 379px\" \/><\/p>\n<p><em>This year, for the first time, the festival will have alternative screenings outside Montevideo, as part of its objective of audience education. These exhibitions will take place in Canelones, in coordination with Canelones Audiovisual, at the Complejo Cultural Politeama in the departmental capital and at the Centro Cultural Parque del Plata. <\/em><\/p>\n<p><em>Both instances, especially intended for high school students but open to everyone, aim to broaden the vision of the new generations of filmgoers by providing access to quality alternative material, seeking to foster thoughts and an exchange of ideas about the world around them and cinema as a form of expression. And at the same time, to introduce film and audiovisual studies as a real possibility of professional career in our country, thanks to the sector&#8217;s growing development in recent years. These showings, which will take place shortly after the festival, will also bring the event&#8217;s program to new publics.<\/em><\/p>\n<p><em>Each screening will last approximately 80 minutes and will involve a presentation, discussion and reflections on the films shown. Free entrance.<\/em><em>\u00a0<\/em><\/p>\n","protected":false},"excerpt":{"rendered":"<p>Este a&ntilde;o y por primera vez el Festival Internacional de Escuelas de Cine (FIEC), organizado por la Escuela de Cine del Uruguay (ECU) y Cinemateca Uruguaya, contar&aacute; con exhibiciones alternativas en localidades fuera de Montevideo, como parte de su objetivo de formaci&oacute;n de p&uacute;blicos. Esas exhibiciones tendr&aacute;n lugar en el departamento de Canelones, en coordinaci&oacute;n&#8230; <\/p>\n<div class=\"clear\"><\/div>\n<p><a href=\"https:\/\/ecu.edu.uy\/sitioweb\/22-festival-en-canelones\/\" class=\"gdlr-button with-border excerpt-read-more\">Leer mas<\/a><\/p>\n","protected":false},"author":2,"featured_media":8586,"comment_status":"open","ping_status":"open","sticky":false,"template":"","format":"standard","meta":[],"categories":[82,80],"tags":[],"_links":{"self":[{"href":"https:\/\/ecu.edu.uy\/sitioweb\/wp-json\/wp\/v2\/posts\/8517"}],"collection":[{"href":"https:\/\/ecu.edu.uy\/sitioweb\/wp-json\/wp\/v2\/posts"}],"about":[{"href":"https:\/\/ecu.edu.uy\/sitioweb\/wp-json\/wp\/v2\/types\/post"}],"author":[{"embeddable":true,"href":"https:\/\/ecu.edu.uy\/sitioweb\/wp-json\/wp\/v2\/users\/2"}],"replies":[{"embeddable":true,"href":"https:\/\/ecu.edu.uy\/sitioweb\/wp-json\/wp\/v2\/comments?post=8517"}],"version-history":[{"count":6,"href":"https:\/\/ecu.edu.uy\/sitioweb\/wp-json\/wp\/v2\/posts\/8517\/revisions"}],"predecessor-version":[{"id":8587,"href":"https:\/\/ecu.edu.uy\/sitioweb\/wp-json\/wp\/v2\/posts\/8517\/revisions\/8587"}],"wp:featuredmedia":[{"embeddable":true,"href":"https:\/\/ecu.edu.uy\/sitioweb\/wp-json\/wp\/v2\/media\/8586"}],"wp:attachment":[{"href":"https:\/\/ecu.edu.uy\/sitioweb\/wp-json\/wp\/v2\/media?parent=8517"}],"wp:term":[{"taxonomy":"category","embeddable":true,"href":"https:\/\/ecu.edu.uy\/sitioweb\/wp-json\/wp\/v2\/categories?post=8517"},{"taxonomy":"post_tag","embeddable":true,"href":"https:\/\/ecu.edu.uy\/sitioweb\/wp-json\/wp\/v2\/tags?post=8517"}],"curies":[{"name":"wp","href":"https:\/\/api.w.org\/{rel}","templated":true}]}}