{"id":8593,"date":"2022-09-13T17:43:25","date_gmt":"2022-09-13T20:43:25","guid":{"rendered":"https:\/\/ecu.edu.uy\/sitioweb\/?p=8593"},"modified":"2022-09-13T17:43:25","modified_gmt":"2022-09-13T20:43:25","slug":"master-class-del-director-marco-berger","status":"publish","type":"post","link":"https:\/\/ecu.edu.uy\/sitioweb\/master-class-del-director-marco-berger\/","title":{"rendered":"Master Class del director Marco Berger"},"content":{"rendered":"<p>La <strong>Escuela de Cine del Uruguay (ECU)<\/strong> y <strong>Cinemateca Uruguaya<\/strong>, en conjunto con <strong>Llamale H, Festival Internacional de Cine sobre Diversidad Sexual y de G\u00e9nero<\/strong>, invitan a la Master Class del director de cine argentino <strong>Marco Berger<\/strong>, de cuya obra el Festival ofrece una retrospectiva.<\/p>\n<p>Ser\u00e1 el viernes 16 de setiembre a las 15:30 horas en la ECU, Sarand\u00ed 528. La entrada es libre, previa inscripci\u00f3n al mail info@ecu.edu.uy (hasta el jueves 15 inclusive). \u00a1Les esperamos!<\/p>\n<p><strong>Marco Berger<\/strong> nace en Buenos Aires en 1977. Estudia en la Universidad del Cine. Su cortometraje El reloj (2008) compite en Cannes y Sundance. Su primer largometraje, Plan B (2009), se estrena en la Competencia Oficial del Festival de Cine de Roma y participa en otros muchos festivales prestigiosos. Ausente (2011), su segundo largometraje, se estrena en la Berlinale donde es galardonado con el Teddy Award. Sus otros trabajos destacados son: Hawaii (2013), Mariposa (2015), Taekwondo (2016), Un rubio (2019), El cazador (2020), Gualeguaych\u00fa: El pa\u00eds del carnaval (2021) y Los agitadores (2022). Tambi\u00e9n es docente de actuaci\u00f3n orientado al trabajo en cine.<\/p>\n","protected":false},"excerpt":{"rendered":"<p>La Escuela de Cine del Uruguay (ECU) y Cinemateca Uruguaya, en conjunto con Llamale H, Festival Internacional de Cine sobre Diversidad Sexual y de G&eacute;nero, invitan a la Master Class del director de cine argentino Marco Berger, de cuya obra el Festival ofrece una retrospectiva. Ser&aacute; el viernes 16 de setiembre a las 15:30 horas&#8230; <\/p>\n<div class=\"clear\"><\/div>\n<p><a href=\"https:\/\/ecu.edu.uy\/sitioweb\/master-class-del-director-marco-berger\/\" class=\"gdlr-button with-border excerpt-read-more\">Leer mas<\/a><\/p>\n","protected":false},"author":2,"featured_media":8594,"comment_status":"open","ping_status":"open","sticky":false,"template":"","format":"standard","meta":[],"categories":[82,80],"tags":[],"_links":{"self":[{"href":"https:\/\/ecu.edu.uy\/sitioweb\/wp-json\/wp\/v2\/posts\/8593"}],"collection":[{"href":"https:\/\/ecu.edu.uy\/sitioweb\/wp-json\/wp\/v2\/posts"}],"about":[{"href":"https:\/\/ecu.edu.uy\/sitioweb\/wp-json\/wp\/v2\/types\/post"}],"author":[{"embeddable":true,"href":"https:\/\/ecu.edu.uy\/sitioweb\/wp-json\/wp\/v2\/users\/2"}],"replies":[{"embeddable":true,"href":"https:\/\/ecu.edu.uy\/sitioweb\/wp-json\/wp\/v2\/comments?post=8593"}],"version-history":[{"count":1,"href":"https:\/\/ecu.edu.uy\/sitioweb\/wp-json\/wp\/v2\/posts\/8593\/revisions"}],"predecessor-version":[{"id":8595,"href":"https:\/\/ecu.edu.uy\/sitioweb\/wp-json\/wp\/v2\/posts\/8593\/revisions\/8595"}],"wp:featuredmedia":[{"embeddable":true,"href":"https:\/\/ecu.edu.uy\/sitioweb\/wp-json\/wp\/v2\/media\/8594"}],"wp:attachment":[{"href":"https:\/\/ecu.edu.uy\/sitioweb\/wp-json\/wp\/v2\/media?parent=8593"}],"wp:term":[{"taxonomy":"category","embeddable":true,"href":"https:\/\/ecu.edu.uy\/sitioweb\/wp-json\/wp\/v2\/categories?post=8593"},{"taxonomy":"post_tag","embeddable":true,"href":"https:\/\/ecu.edu.uy\/sitioweb\/wp-json\/wp\/v2\/tags?post=8593"}],"curies":[{"name":"wp","href":"https:\/\/api.w.org\/{rel}","templated":true}]}}