{"id":8885,"date":"2023-08-14T16:52:39","date_gmt":"2023-08-14T19:52:39","guid":{"rendered":"https:\/\/ecu.edu.uy\/sitioweb\/?p=8885"},"modified":"2023-08-14T16:52:39","modified_gmt":"2023-08-14T19:52:39","slug":"avant-premiere-la-vida-a-oscuras","status":"publish","type":"post","link":"https:\/\/ecu.edu.uy\/sitioweb\/avant-premiere-la-vida-a-oscuras\/","title":{"rendered":"Avant premiere: La vida a oscuras"},"content":{"rendered":"<p>El viernes 18 de agosto a las 19 horas en <strong>Sala Zitarrosa<\/strong> la <strong>Escuela de Cine del Uruguay (ECU)<\/strong> y <strong>Cinemateca Uruguaya<\/strong> tendr\u00e1n el privilegio de exhibir, en el marco del <strong>23 Festival Internacional de Escuelas de Cine <\/strong>y en calidad de preestreno para Uruguay, el largo documental <strong>La vida a oscuras<\/strong> (Argentina, 2023). La entrada es libre hasta completar la capacidad de la sala.<\/p>\n<p>La pel\u00edcula, estrenada en el BAFICI 2023, ser\u00e1 presentada por su director <strong>Enrique Bellande<\/strong> y su protagonista <strong>Fernando Mart\u00edn Pe\u00f1a (foto)<\/strong>, quien participa como invitado en la Conferencia CIBA (CILECT Latinoam\u00e9rica) organizada en paralelo al Festival sobre el tema \u201cPatrimonio Audiovisua en la era digital\u201d.<\/p>\n<p><strong>Fernando Mart\u00edn Pe\u00f1a<\/strong> (1968) es especialista en cine, creador de la Filmoteca Buenos Aires, entidad privada dedicada a la preservaci\u00f3n y difusi\u00f3n del cine y uno de los fundadores de la Asociaci\u00f3n de Apoyo al Patrimonio Audiovisual (Aprocinain), que rescat\u00f3 cerca de 300 pel\u00edculas argentinas que corr\u00edan riesgo de perderse. Desde 2006 conduce el ciclo Filmoteca, temas de cine, que emite la Televisi\u00f3n P\u00fablica Argentina. Ha escrito varios libros sobre su especialidad, entre ellos Cien a\u00f1os de cine argentino y Diario de la filmoteca.<\/p>\n<p><strong>Sobre la pel\u00edcula<\/strong><\/p>\n<p>La revoluci\u00f3n digital sacudi\u00f3 los cimientos sobre los que el cine funcion\u00f3 durante m\u00e1s de 100 a\u00f1os. Las salas cambiaron sus proyectores anal\u00f3gicos por otros digitales, los laboratorios cerraron y las voluminosas copias de celuloide fueron a parar a containers y basurales, reemplazadas por peque\u00f1os discos de computadora. En la casa en la que vive Fernando Mart\u00edn Pe\u00f1a los rollos f\u00edlmicos se amontonan por miles y cubren cada espacio del lugar. Coleccionista voraz desde su infancia, personaje central de la cinefilia argentina y director de Malba Cine, Pe\u00f1a recolecta lo que otros tiran o abandonan y lo guarda en su casa, casi el \u00fanico refugio posible para ese material: pese a d\u00e9cadas de luchas y reclamos, Argentina no posee instituci\u00f3n oficial que se encargue de la conservaci\u00f3n de su cine.<\/p>\n<p>La vida a oscuras es una aproximaci\u00f3n a la figura de Fernando Mart\u00edn Pe\u00f1a. Es tambi\u00e9n una pel\u00edcula sobre el cine, sobre un movimiento trascendental en su historia, sobre sus espacios y sus rituales, sobre la fascinaci\u00f3n que nos produce esa luz proyectada, sentados junto a un grupo de desconocidos, en una sala a oscuras.<\/p>\n<p><strong>La vida a oscuras \/ Life in the Dark<\/strong><\/p>\n<p>Argentina, 2023. 74&#8242;<\/p>\n<p>Direcci\u00f3n y Gui\u00f3n: Enrique Bellande \/ Fotograf\u00eda y c\u00e1mara: Enrique Bellande y Santiago Melazzini \/ Montaje: Andr\u00e9s Tambornino \/ Sonido directo: Ulises Rosell, Pablo Gamberg y Enrique Bellande \/ Dise\u00f1o de Sonido: Pablo Gamberg \/ M\u00fasica: Fernando Kabusacki \/ Producci\u00f3n ejecutiva: Pablo Chernov \/ Producida por Pablo Chernov y Enrique Bellande. Una producci\u00f3n de Alina Films y Alambrado Cine.<\/p>\n<p><a href=\"https:\/\/ecu.edu.uy\/sitioweb\/festival-2023\/\"><strong>M\u00e1s informaci\u00f3n sobre el Festival<\/strong><\/a><\/p>\n","protected":false},"excerpt":{"rendered":"<p>El viernes 18 de agosto a las 19 horas en Sala Zitarrosa la Escuela de Cine del Uruguay (ECU) y Cinemateca Uruguaya tendr&aacute;n el privilegio de exhibir, en el marco del 23 Festival Internacional de Escuelas de Cine y en calidad de preestreno para Uruguay, el largo documental La vida a oscuras (Argentina, 2023). La&#8230; <\/p>\n<div class=\"clear\"><\/div>\n<p><a href=\"https:\/\/ecu.edu.uy\/sitioweb\/avant-premiere-la-vida-a-oscuras\/\" class=\"gdlr-button with-border excerpt-read-more\">Leer mas<\/a><\/p>\n","protected":false},"author":2,"featured_media":8886,"comment_status":"open","ping_status":"open","sticky":false,"template":"","format":"standard","meta":[],"categories":[82,80],"tags":[],"_links":{"self":[{"href":"https:\/\/ecu.edu.uy\/sitioweb\/wp-json\/wp\/v2\/posts\/8885"}],"collection":[{"href":"https:\/\/ecu.edu.uy\/sitioweb\/wp-json\/wp\/v2\/posts"}],"about":[{"href":"https:\/\/ecu.edu.uy\/sitioweb\/wp-json\/wp\/v2\/types\/post"}],"author":[{"embeddable":true,"href":"https:\/\/ecu.edu.uy\/sitioweb\/wp-json\/wp\/v2\/users\/2"}],"replies":[{"embeddable":true,"href":"https:\/\/ecu.edu.uy\/sitioweb\/wp-json\/wp\/v2\/comments?post=8885"}],"version-history":[{"count":1,"href":"https:\/\/ecu.edu.uy\/sitioweb\/wp-json\/wp\/v2\/posts\/8885\/revisions"}],"predecessor-version":[{"id":8887,"href":"https:\/\/ecu.edu.uy\/sitioweb\/wp-json\/wp\/v2\/posts\/8885\/revisions\/8887"}],"wp:featuredmedia":[{"embeddable":true,"href":"https:\/\/ecu.edu.uy\/sitioweb\/wp-json\/wp\/v2\/media\/8886"}],"wp:attachment":[{"href":"https:\/\/ecu.edu.uy\/sitioweb\/wp-json\/wp\/v2\/media?parent=8885"}],"wp:term":[{"taxonomy":"category","embeddable":true,"href":"https:\/\/ecu.edu.uy\/sitioweb\/wp-json\/wp\/v2\/categories?post=8885"},{"taxonomy":"post_tag","embeddable":true,"href":"https:\/\/ecu.edu.uy\/sitioweb\/wp-json\/wp\/v2\/tags?post=8885"}],"curies":[{"name":"wp","href":"https:\/\/api.w.org\/{rel}","templated":true}]}}