{"id":8890,"date":"2023-08-19T19:00:28","date_gmt":"2023-08-19T22:00:28","guid":{"rendered":"https:\/\/ecu.edu.uy\/sitioweb\/?p=8890"},"modified":"2023-08-19T19:01:18","modified_gmt":"2023-08-19T22:01:18","slug":"premios-del-23-festival-internacional-de-escuelas-de-cine","status":"publish","type":"post","link":"https:\/\/ecu.edu.uy\/sitioweb\/premios-del-23-festival-internacional-de-escuelas-de-cine\/","title":{"rendered":"Premios del 23 Festival Internacional de Escuelas de Cine"},"content":{"rendered":"<p>El viernes 18 de agosto finaliz\u00f3 la edici\u00f3n 23 del <strong>Festival Internacional de Escuelas de Cine (FIEC)<\/strong>, organizado por la <strong>Escuela de Cine del Uruguay (ECU)<\/strong> y <strong>Cinemateca Uruguaya<\/strong>. Luego de cuatro d\u00edas de exhibiciones, mesas redondas, presentaciones y encuentros, los dos jurados oficiales y el p\u00fablico del festival otorgaron premios y menciones a cortometrajes estudiantiles de Alemania, Argentina, B\u00e9lgica, China, Cuba, Estados Unidos, Ir\u00e1n, Israel, Pa\u00edses Bajos, Polonia, Rusia y Uruguay.<\/p>\n<p>El 23 FIEC tuvo lugar entre el 15 y el 18 de agosto de 2023 en Montevideo, en Cinemateca y Sala Zitarrosa. En paralelo se pudo acceder a una selecci\u00f3n de cortos en formato online, en el canal de YouTube de la ECU. La selecci\u00f3n oficial incluy\u00f3 53 cortometrajes de ficci\u00f3n, no ficci\u00f3n y animaci\u00f3n, realizados por estudiantes de 48 escuelas de cine de 30 pa\u00edses, incluido Uruguay. La cifra de inscripciones super\u00f3 los 1900 cortos, provenientes de unos 100 pa\u00edses.<\/p>\n<p>La convocatoria internacional se realiza cada a\u00f1o a trav\u00e9s de la Asociaci\u00f3n Internacional de Escuelas de Cine y Televisi\u00f3n (CILECT) y de la Federaci\u00f3n de Escuelas de la Imagen y el Sonido de Am\u00e9rica Latina (FEISAL), de las cuales forma parte la ECU como \u00fanico miembro uruguayo, aunque la participaci\u00f3n es abierta tambi\u00e9n a escuelas de cine que no sean miembros. La preselecci\u00f3n de cortos a concurso estuvo a cargo de un equipo integrado por 18 estudiantes de la ECU, en una tarea que llev\u00f3 varios meses de visionado junto al equipo de programaci\u00f3n.<\/p>\n<p><strong>Premios del Jurado Profesional<\/strong><\/p>\n<p>Este a\u00f1o el <strong>Jurado Profesional<\/strong>, integrado por <strong>Clara S\u00e1nchez-Dehesa<\/strong> (Espa\u00f1a) junto a los cineastas uruguayos <strong>Micaela Sol\u00e9<\/strong> y <strong>Pablo Dotta<\/strong>, decidi\u00f3 otorgar los siguientes premios:<\/p>\n<p><strong>CATEGOR\u00cdA ANIMACI\u00d3N:<\/strong><\/p>\n<p><strong>Menci\u00f3n Especial<\/strong> &#8211; Por la calidad de su animaci\u00f3n, tanto a nivel t\u00e9cnico como conceptual y art\u00edstico:<\/p>\n<p><strong>Half Empty<\/strong> &#8211; Dirigido por Katarzyna Or\u0142owska &#8211; University of the Arts Pozna\u0144 (Polonia)<\/p>\n<p><strong>Premio Final Draft &#8211; <\/strong>Por la calidad pl\u00e1stica de la animaci\u00f3n y la po\u00e9tica de la imagen y el sonido, y por ser capaz de contar de manera simple y breve una historia tan compleja con tantas emociones diferentes, a:<\/p>\n<p><strong>Carlos Monta\u00f1a <\/strong>\u2013 Dirigido por Ita Romero \u2013 Universidad Nacional de C\u00f3rdoba (Argentina)<\/p>\n<p><strong>CATEGOR\u00cdA NO FICCION<\/strong>:<\/p>\n<p><strong>Menci\u00f3n Especial<\/strong> &#8211; Por saber construir un relato \u00edntimo y valiente con reflexiva iron\u00eda acerca de las relaciones sexuales, el deseo, el amor y el cuerpo, y lograr trascender la auto referencialidad con frescura y esp\u00edritu interrogativo:<\/p>\n<p><strong>A diary of sexual solitude <\/strong>\u2013 Dirigido por Nina Alexandraki \u2013 INSAS (B\u00e9lgica)<\/p>\n<p><strong>Premio Final Draft &#8211; <\/strong>Por la capacidad de presentar un tema tan complejo, con todas sus aristas y que hoy d\u00eda est\u00e1 presente a nivel global. Por ser capaz de usar la narrativa como elemento de apoyo al tema de la transici\u00f3n de g\u00e9nero:<\/p>\n<p><strong>Unnamed <\/strong>\u2013 Dirigido por Iranmehr Salimi \u2013 Tarbiat Modares University (Ir\u00e1n)<\/p>\n<p><strong>CATEGORIA FICCI\u00d3N<\/strong>:<\/p>\n<p><strong>Menci\u00f3n Especial<\/strong> &#8211; Por relatar con notable sensibilidad y econom\u00eda expresiva el encuentro entre las soledades de dos mujeres adultas, cuyos sobrentendidos y necesidad de afecto logran expresarse con contundente comprensi\u00f3n y humanidad:<\/p>\n<p><strong>Only until dawn <\/strong>\u2013 Dirigida por Eliza Godlewska, Alan Ruczy\u0144ski \u2013 Warsaw Film School (Polonia)<\/p>\n<p><strong>Premio Final Draft &#8211; <\/strong>Por lograr construir de manera conmovedora la progresi\u00f3n en sus personajes y el v\u00ednculo entre ellos, adem\u00e1s de componer un clima atrapante a trav\u00e9s de un fluido manejo del lenguaje cinematogr\u00e1fico con hermosos y pertinentes planos, destac\u00e1ndose muy especialmente su protagonista y el cine que respira la obra:<\/p>\n<p><strong>The bathday <\/strong>\u2013 Dirigido por Maria Antonova \u2013 St. Petersburg State University of Film and Television (Rusia)<\/p>\n<p><strong>MEJOR CORTO LATINOAMERICANO:<\/strong><\/p>\n<p><strong>Menci\u00f3n Especial &#8211;<\/strong> Por la interpretaci\u00f3n y la construcci\u00f3n narrativa:<\/p>\n<p><strong>Una habitaci\u00f3n simple <\/strong>\u2013 Dirigido por Nicol\u00e1s Dolensky \u2013 Universidad del Cine (Argentina)<\/p>\n<p><strong>Premio Final Draft &#8211; <\/strong>Por su aguda capacidad de observaci\u00f3n que consigue construir una mirada cargada de tensi\u00f3n dram\u00e1tica a partir del ambiguo intercambio entre animales y hombres. Sin imponer mensajes o justificaciones discursivas, la historia consigue una met\u00e1fora universal a fuerza de un honesto respeto por lo que observa:<\/p>\n<p><strong>\u00c1nima <\/strong>\u2013 Dirigido por Manuel Mateo \u2013 EICTV (Cuba)<\/p>\n<p><strong>MEJOR CORTO URUGUAYO<\/strong>:<\/p>\n<p><strong>Menci\u00f3n Especial<\/strong> &#8211; Porque a trav\u00e9s de un dispositivo dram\u00e1tico simple logra retratar conflictos universales con un manejo fluido del lenguaje en cuanto a la construcci\u00f3n de las tensiones y los giros en la trama:<\/p>\n<p><strong>Pasar a verla <\/strong>\u2013 Dirigido por Emilio Sarthou \u2013 Escuela de Cine del Uruguay<\/p>\n<p><strong>Premio Musitelli + Premio La Mayor + Premio Final Draft + Premio QUBIT &#8211; <\/strong>Por la coherencia tem\u00e1tica y formal con que cuenta la relaci\u00f3n entre sus protagonistas, cuyo v\u00ednculo se construye a partir de la sugesti\u00f3n de lo no dicho, la fuerza expresiva de sus miradas y la incertidumbre de sus sentimientos. Con remarcable dominio narrativo, logra expresar mucho y con los medios justos:<\/p>\n<p><strong>Umbral <\/strong>\u2013 Dirigido por Helena Cantera \u2013 Escuela de Cine del Uruguay<\/p>\n<hr \/>\n<p><strong>Premios del Jurado Estudiantil<\/strong><\/p>\n<p>El jurado de estudiantes de cine y audiovisual, integrado este a\u00f1o por <strong>Bel\u00e9n Abell\u00e1<\/strong> (Facultad de Informaci\u00f3n y Comunicaci\u00f3n \u2013 Universidad de la Rep\u00fablica), <strong>Luc\u00eda Parrilla<\/strong> (Universidad ORT Uruguay) y <strong>Francisco Touya<\/strong> (Escuela de Cine del Uruguay), otorg\u00f3 los siguientes premios y menciones:<\/p>\n<p><strong>CATEGOR\u00cdA ANIMACI\u00d3N:<\/strong><\/p>\n<p><strong>Menci\u00f3n Especial<\/strong> &#8211; Por la propuesta est\u00e9tica que permite construir un mundo pl\u00e1sticamente bello y din\u00e1mico. Tambi\u00e9n por la estructura narrativa que logra conjugar dos historias en una y potenciarlas:<\/p>\n<p><strong>Unfound <\/strong>\u2013 Dirigido por Shahar Balfour \u2013 Bezalel Academy of Art and Design (Israel)<\/p>\n<p><strong>Premio Final Draft &#8211; <\/strong>Por la audacia de su tem\u00e1tica que profundiza en la opresi\u00f3n y el adoctrinamiento que sufre una ni\u00f1a, destacando la singularidad de su propuesta visual:<\/p>\n<p><strong>Swallow Flying to the South <\/strong>\u2013 Dirigida por Mochi Lin \u2013 Rhode Island School of Design (Estados Unidos)<\/p>\n<p><strong>CATEGOR\u00cdA NO FICCION<\/strong>:<\/p>\n<p><strong>Premio Final Draft &#8211; <\/strong>Por problematizar sus propias ideas, abrirse al conflicto desde distintas perspectivas, y lograr que el espectador tambi\u00e9n se cuestione:<\/p>\n<p><strong>Filho <\/strong>\u2013 Dirigido por Tomas Ponsteen \u2013 Netherlands Film Academy (Pa\u00edses Bajos)<\/p>\n<p><strong>CATEGORIA FICCI\u00d3N<\/strong>:<\/p>\n<p><strong>Menci\u00f3n Especial<\/strong> &#8211; Por el abordaje de la tem\u00e1tica desde un punto de vista humano y sensible, sin reducir a los personajes con prejuicios cotidianos y destacando el trabajo formal bien logrado:<\/p>\n<p><strong>Forever Young <\/strong>\u2013 Dirigido por Max Rainer \u2013 Filmakademie Baden-W\u00fcrttemberg (Alemania)<\/p>\n<p><strong>Premio Final Draft &#8211; <\/strong>Por los m\u00faltiples recursos y el trabajo est\u00e9tico que logran crear un cortometraje sensorialmente destacable, sumando su estructura particular y un tratamiento sutil de las emociones:<\/p>\n<p><strong>The Last Revelry <\/strong>\u2013 Dirigido por Tian Gan \u2013 Shanghai Film Academy (China)<\/p>\n<p><strong>MEJOR CORTO URUGUAYO<\/strong>:<\/p>\n<p><strong>Premio Sony + Premio Vivace Post + Premio Artemisa Lab + Premio Final Draft + Premio QUBIT &#8211; <\/strong>Por la construcci\u00f3n de un ambiente que toma gran presencia, una fotograf\u00eda intencionada y efectiva, y un despliegue actoral que sabe resolver las exigencias dram\u00e1ticas y de comedia:<\/p>\n<p><strong>Pasar a verla <\/strong>\u2013 Dirigido por Emilio Sarthou \u2013 Escuela de Cine del Uruguay<\/p>\n<hr \/>\n<p><strong>Premios del P\u00fablico<\/strong><\/p>\n<p>Luego de contabilizar los votos del p\u00fablico al finalizar cada funci\u00f3n, estos fueron los dos cortometrajes m\u00e1s votados:<\/p>\n<p>Mejor corto internacional: <strong>A diary of sexual solitude <\/strong>\u2013 Dirigido por Nina Alexandraki \u2013 INSAS (B\u00e9lgica)<\/p>\n<p>Mejor corto uruguayo (<strong>Premio Sin Sol \u2013 Premio Programa Cinescope &#8211; Premio ECU \u2013 Premio Qubit):<\/strong><\/p>\n<p><strong>El Fiti<\/strong> \u2013 Dirigido por Nandi Catalogne (Tecnicatura en Audiovisuales UTU)<\/p>\n<p>En total, el Festival entreg\u00f3 unos <strong>10.500 d\u00f3lares en premios<\/strong>.<\/p>\n<hr \/>\n<p><strong>Conferencia CIBA sobre \u201cPatrimonio audiovisual\u201d<\/strong><\/p>\n<p>En paralelo al Festival, este a\u00f1o la ECU y Cinemateca Uruguaya fueron sede de la <strong>Conferencia de escuelas CIBA<\/strong> (CILECT Latinoam\u00e9rica), cuya edici\u00f3n 2023 tuvo como tema el <strong>\u201cPatrimonio audiovisual en la era digital\u201d<\/strong>. Se trat\u00f3 de una instancia de intercambio de experiencias en formaci\u00f3n, preservaci\u00f3n, restauraci\u00f3n y creaci\u00f3n cinematogr\u00e1fica en torno a los conceptos de patrimonio audiovisual y memoria f\u00edlmica, que cont\u00f3 con la participaci\u00f3n de representantes y docentes de algunas de las escuelas miembros de CIBA, incluyendo la ENERC, la Universidad del Cine y la Universidad de Buenos Aires (Argentina), la Universidad de San Pablo (Brasil), la Universidad de Guadalajara (M\u00e9xico) y la Escuela de Cine del Uruguay.<\/p>\n<p>Tambi\u00e9n participaron representantes de otras instituciones de formaci\u00f3n de Uruguay, as\u00ed como el presidente de CILECT, <strong>Bruce Sheridan<\/strong> (Estados Unidos), y el presidente de CIBA <strong>Ra\u00fal L\u00f3pez Echeverr\u00eda<\/strong> (M\u00e9xico). El evento cont\u00f3 a su vez con invitadas e invitados nacionales e internacionales con gran experiencia en el tema, como <strong>Juana Su\u00e1rez<\/strong> (New York University), <strong>Clara S\u00e1nchez-Dehesa<\/strong> (El\u00edas Querejeta Zine Eskola), <strong>Gerda Cammaer<\/strong> (Toronto Metropolitan University), <strong>Julieta Keldjian<\/strong> (Universidad Cat\u00f3lica del Uruguay), <strong>Mar\u00eda Jos\u00e9 Santacreu<\/strong> (Cinemateca Uruguaya) y <strong>Fernando Mart\u00edn Pe\u00f1a<\/strong>, historiador, docente, archivista y divulgador argentino, quien adem\u00e1s present\u00f3 una funci\u00f3n especial (en calidad de avant premiere para Uruguay) del documental <strong>La vida a oscuras<\/strong>, junto a su director <strong>Enrique Bellande<\/strong>, sobre su incansable labor por el rescate y preservaci\u00f3n del patrimonio f\u00edlmico.<\/p>\n<p>Las tres mesas tem\u00e1ticas, que propiciaron un rico intercambio entre participantes, estudiantes, docentes y p\u00fablico interesado, estar\u00e1n luego disponibles en el canal de YouTube de la ECU.<\/p>\n<p>El evento se cerr\u00f3 de la mejor manera, el viernes 18 de agosto, en un brindis de clausura que cont\u00f3 con una performance audiovisual, con proyecci\u00f3n de material f\u00edlmico musicalizado en vivo, a cargo del colectivo <strong>Cine Casero<\/strong>.<\/p>\n<p><strong>Esta nueva edici\u00f3n del Festival fue posible gracias al apoyo de ACAU, Montevideo Audiovisual, CILECT-CIBA, Sala Zitarrosa, Musitelli, La Mayor, Final Draft, Sony, Sin Sol, Vivace Post, Artemisa Lab, Programa Cinescope, QUBIT, Hotel Ibis, Acuaria, \u00c1nima Espacio Cultural, Caf\u00e9 del Cine, Montevideo al Sur, Bar Paysand\u00fa, Bacacay La Diaria, Atorrante Caf\u00e9, F\u00e9nix Bar,\u00a0 Ciudadela Bar, Taz\u00fa Bar Cultural, Cerveza Patricia, Bodegas Dante Robino, Radio Taxi 141, Canelones Audiovisual, La Diaria, Montevideo Portal, TV Ciudad, Canal 5 y FilmFreeway.<\/strong><\/p>\n<p><a href=\"https:\/\/ecu.edu.uy\/sitioweb\/festival-2023\/\" target=\"_blank\" rel=\"noopener\"><strong>M\u00e1s informaci\u00f3n sobre el Festival<\/strong><\/a><\/p>\n","protected":false},"excerpt":{"rendered":"<p>El viernes 18 de agosto finaliz&oacute; la edici&oacute;n 23 del Festival Internacional de Escuelas de Cine (FIEC), organizado por la Escuela de Cine del Uruguay (ECU) y Cinemateca Uruguaya. Luego de cuatro d&iacute;as de exhibiciones, mesas redondas, presentaciones y encuentros, los dos jurados oficiales y el p&uacute;blico del festival otorgaron premios y menciones a cortometrajes&#8230; <\/p>\n<div class=\"clear\"><\/div>\n<p><a href=\"https:\/\/ecu.edu.uy\/sitioweb\/premios-del-23-festival-internacional-de-escuelas-de-cine\/\" class=\"gdlr-button with-border excerpt-read-more\">Leer mas<\/a><\/p>\n","protected":false},"author":2,"featured_media":8891,"comment_status":"open","ping_status":"open","sticky":false,"template":"","format":"standard","meta":[],"categories":[82,80],"tags":[],"_links":{"self":[{"href":"https:\/\/ecu.edu.uy\/sitioweb\/wp-json\/wp\/v2\/posts\/8890"}],"collection":[{"href":"https:\/\/ecu.edu.uy\/sitioweb\/wp-json\/wp\/v2\/posts"}],"about":[{"href":"https:\/\/ecu.edu.uy\/sitioweb\/wp-json\/wp\/v2\/types\/post"}],"author":[{"embeddable":true,"href":"https:\/\/ecu.edu.uy\/sitioweb\/wp-json\/wp\/v2\/users\/2"}],"replies":[{"embeddable":true,"href":"https:\/\/ecu.edu.uy\/sitioweb\/wp-json\/wp\/v2\/comments?post=8890"}],"version-history":[{"count":1,"href":"https:\/\/ecu.edu.uy\/sitioweb\/wp-json\/wp\/v2\/posts\/8890\/revisions"}],"predecessor-version":[{"id":8892,"href":"https:\/\/ecu.edu.uy\/sitioweb\/wp-json\/wp\/v2\/posts\/8890\/revisions\/8892"}],"wp:featuredmedia":[{"embeddable":true,"href":"https:\/\/ecu.edu.uy\/sitioweb\/wp-json\/wp\/v2\/media\/8891"}],"wp:attachment":[{"href":"https:\/\/ecu.edu.uy\/sitioweb\/wp-json\/wp\/v2\/media?parent=8890"}],"wp:term":[{"taxonomy":"category","embeddable":true,"href":"https:\/\/ecu.edu.uy\/sitioweb\/wp-json\/wp\/v2\/categories?post=8890"},{"taxonomy":"post_tag","embeddable":true,"href":"https:\/\/ecu.edu.uy\/sitioweb\/wp-json\/wp\/v2\/tags?post=8890"}],"curies":[{"name":"wp","href":"https:\/\/api.w.org\/{rel}","templated":true}]}}