{"id":9008,"date":"2023-09-11T22:46:03","date_gmt":"2023-09-12T01:46:03","guid":{"rendered":"https:\/\/ecu.edu.uy\/sitioweb\/?p=9008"},"modified":"2023-09-11T22:46:03","modified_gmt":"2023-09-12T01:46:03","slug":"diversidad-e-inclusion-lgbtiq-en-el-audiovisual","status":"publish","type":"post","link":"https:\/\/ecu.edu.uy\/sitioweb\/diversidad-e-inclusion-lgbtiq-en-el-audiovisual\/","title":{"rendered":"Diversidad e inclusi\u00f3n LGBTIQ+ en el audiovisual"},"content":{"rendered":"<p>La <strong>Escuela de Cine del Uruguay (ECU)<\/strong> tiene mucho gusto en invitar a la Masterclass \u201c<strong>Diversidad e inclusi\u00f3n LGBTIQ+ en el trabajo audiovisual y la formaci\u00f3n de p\u00fablicos<\/strong>\u201d, a cargo de <strong>Pablo Ingercher<\/strong> (APIMA) y <strong>Manu Mireles<\/strong> (Mocha Celis). Se trata de una actividad gratuita y abierta a toda la comunidad audiovisual, en el marco del mes de la diversidad, y en conjunto con el <strong>Festival Llamale H<\/strong>.<\/p>\n<p>La Masterclass tendr\u00e1 lugar el jueves 14 de setiembre a las 15:30 horas en la ECU (Sarand\u00ed 528), y est\u00e1 \u00a0dirigida a toda la comunidad audiovisual, personas que estudien, trabajen, escriban cine, productores, artistas, equipo t\u00e9cnico y p\u00fablico en general interesado en la tem\u00e1tica. La entrada es libre con cupos limitados, sujetos a disponibilidad de la sala. La duraci\u00f3n aproximada ser\u00e1 de dos horas.<\/p>\n<p>El encuentro abarcar\u00e1:<\/p>\n<ul>\n<li>Breve contexto hist\u00f3rico \u00bfPor qu\u00e9 poner el foco, hoy, en las identidades Trans y no Binarias?<\/li>\n<li>Conceptos generales sobre identidad de g\u00e9nero<\/li>\n<li>Realidad de las personas trans y no binarias<\/li>\n<li>Mandatos y estereotipos de g\u00e9nero<\/li>\n<li>Ambiente laboral y social<\/li>\n<li>Visibilidad y representaci\u00f3n trans en la industria cinematogr\u00e1fica<\/li>\n<\/ul>\n<p><strong>Exponentes:<\/strong><\/p>\n<p><strong>Pablo Ingercher<\/strong><\/p>\n<p>Productor de cine en OH MY G\u00d3MEZ!, naci\u00f3 en Buenos Aires hace 44 a\u00f1os, 26 de los cuales los dedic\u00f3 a la industria del cine: desde Meritorio de Producci\u00f3n a Productor cumpli\u00f3 con todos los escalafones en el rubro m\u00e1s vapuleado de la industria.<\/p>\n<p>Recibido en el Colegio Nacional de Buenos Aires, tras estudiar Ciencias de la Comunicaci\u00f3n en la UBA, fue productor especializado en lanzamientos en la productora Argentina Patagonik donde trabaj\u00f3 junto a directores como Juan Jos\u00e9 Campanella, Alberto Lecchi, Paula Hern\u00e1ndez, Juan Taratuto y Pablo Trapero. Trabaj\u00f3 como Line Producer freelance en proyectos de gran porte (EL AMIGO ALEMAN de Jeanine Meerapfel con Ricardo Freix\u00e1, MI PRIMERA BODA, de Ariel Winograd), y otros m\u00e1s independientes (trabaj\u00f3 con Mariano Cohn, Gast\u00f3n Duprat, Albertina Carri).<\/p>\n<p>M\u00e1s adelante, se incorpora como socio y productor en Oh My G\u00f3mez, en donde contin\u00faa actualmente desarrollando en sociedad su trabajo como productor con foco en cine que colabore a la adquisici\u00f3n de derechos por parte de sectores relegados por el patriarcado, aportando a la visibilidad como forma de empoderamiento, as\u00ed como apostando a la coproducci\u00f3n latinoamericana para generar contenidos locales con pertenencia colectiva que destaque en los principales festivales del mundo.<\/p>\n<p>En Oh My G\u00f3mez, desarroll\u00f3 y ejecut\u00f3 junto a sus socios varios proyectos de Marco Berger (PLAN B, AUSENTE; ganadora del Premio Teddy a Mejor Pel\u00edcula con Tem\u00e1tica Gay en la Berlinale 2011; y MARIPOSA, estrenada en Panorama en Berlinale 2015 y ganadora del Premio Sebastiane Latino en San Sebasti\u00e1n); y de Camila Toker (LA MUERTE DE MARGA MAIER, Competencia Latinoamericana Festival de Miami 2017).<\/p>\n<p>En 2018 estrena la \u00f3pera prima de Mart\u00edn Deus, MI MEJOR AMIGO, Grand Prix CANNES \u00c9crans Junior en Cannes 2018) y filma LOS ADOPTANTES, de Daniel Gimelberg, pre estrenada en BAFICI 2019 y adquirida por SONY ENTERTAINMENT para su estreno en Latinoam\u00e9rica. Tambi\u00e9n ha incursionado en el cine documental, coproduciendo la \u00f3pera prima de la colombiana Natalia Imery Almario DOPAMINA, ganadora en el Festival de Torino 2019. En 2020 estrena en el Festival de Tribeca la \u00f3pera prima de Felipe G\u00f3mez Aparicio, EL PERFECTO DAVID.<\/p>\n<p>En 2021 es co-productor de EL PERRO QUE NO CALLA, sexta pel\u00edcula de Ana Katz que se estrena mundialmente en la World Dramatic Competition de SUNDANCE, y gana el premio mayor oficial en Big Screen Competition de ROTTERDAM.<\/p>\n<p>Fue jurado y mentor en el Festival Internacional de Cine LGTBIQ+ ASTERISCO. En 2022, tras coproducir la pel\u00edcula documental de Jeanine Meerapfel \u201cUNA MUJER\u201d, se incorpora como vocal a la comisi\u00f3n directiva de la Academia de las Artes y Ciencias Cinematogr\u00e1ficas de la Argentina, donde participa activamente en la organizaci\u00f3n de los Premios Sur, adem\u00e1s de integrar la comisi\u00f3n de G\u00e9nero y Diversidad.<\/p>\n<p><strong>Manu Mireles<\/strong><\/p>\n<p>Activista trans no binarie desde los 15 a\u00f1os cuando tuvo su primer trabajo voluntario como educadora popular en villas y comunidades rurales formando personas en derechos a la salud sexual. Es Licenciada en Educaci\u00f3n, con menci\u00f3n Ciencias Pedag\u00f3gicas (UCAB) y doctoranda en Estudios y Pol\u00edticas de G\u00e9nero (UNTREF). Asimismo, cuenta con una Especializaci\u00f3n en Gerencia P\u00fablica (UNEFA) y una Especializaci\u00f3n Superior en Derechos Humanos y Democracia en Am\u00e9rica Latina (UASB).<\/p>\n<p>Investigadora docente y consultora con especial experiencia en pol\u00edticas p\u00fablicas con perspectiva de g\u00e9neros y diversidad sexual. Es Promotora territorial en g\u00e9neros y diversidad, Coordinadora de la Escuela Popular de G\u00e9neros y Diversidad Brando\/ Mocha, secretaria acad\u00e9mica del Bachillerato Popular Travesti Trans Mocha Celis y secretaria general y socia fundadora de la Asociaci\u00f3n Civil Mocha Celis.<\/p>\n<p>Cuenta con experiencia en gesti\u00f3n institucional en diversas instituciones como ONGs, organismos multilaterales y \u00e1reas de gobierno nacional y provincial. Su estilo se basa en propiciar la empat\u00eda y transmitir ideas desde una propuesta asertiva. Dada la pr\u00e1ctica en investigaci\u00f3n en campo, ha aprendido a hacer m\u00faltiples lecturas durante la comunicaci\u00f3n con otras personas.<\/p>\n","protected":false},"excerpt":{"rendered":"<p>La Escuela de Cine del Uruguay (ECU) tiene mucho gusto en invitar a la Masterclass &ldquo;Diversidad e inclusi&oacute;n LGBTIQ+ en el trabajo audiovisual y la formaci&oacute;n de p&uacute;blicos&rdquo;, a cargo de Pablo Ingercher (APIMA) y Manu Mireles (Mocha Celis). Se trata de una actividad gratuita y abierta a toda la comunidad audiovisual, en el marco&#8230; <\/p>\n<div class=\"clear\"><\/div>\n<p><a href=\"https:\/\/ecu.edu.uy\/sitioweb\/diversidad-e-inclusion-lgbtiq-en-el-audiovisual\/\" class=\"gdlr-button with-border excerpt-read-more\">Leer mas<\/a><\/p>\n","protected":false},"author":2,"featured_media":9009,"comment_status":"open","ping_status":"open","sticky":false,"template":"","format":"standard","meta":[],"categories":[82,80],"tags":[],"_links":{"self":[{"href":"https:\/\/ecu.edu.uy\/sitioweb\/wp-json\/wp\/v2\/posts\/9008"}],"collection":[{"href":"https:\/\/ecu.edu.uy\/sitioweb\/wp-json\/wp\/v2\/posts"}],"about":[{"href":"https:\/\/ecu.edu.uy\/sitioweb\/wp-json\/wp\/v2\/types\/post"}],"author":[{"embeddable":true,"href":"https:\/\/ecu.edu.uy\/sitioweb\/wp-json\/wp\/v2\/users\/2"}],"replies":[{"embeddable":true,"href":"https:\/\/ecu.edu.uy\/sitioweb\/wp-json\/wp\/v2\/comments?post=9008"}],"version-history":[{"count":1,"href":"https:\/\/ecu.edu.uy\/sitioweb\/wp-json\/wp\/v2\/posts\/9008\/revisions"}],"predecessor-version":[{"id":9010,"href":"https:\/\/ecu.edu.uy\/sitioweb\/wp-json\/wp\/v2\/posts\/9008\/revisions\/9010"}],"wp:featuredmedia":[{"embeddable":true,"href":"https:\/\/ecu.edu.uy\/sitioweb\/wp-json\/wp\/v2\/media\/9009"}],"wp:attachment":[{"href":"https:\/\/ecu.edu.uy\/sitioweb\/wp-json\/wp\/v2\/media?parent=9008"}],"wp:term":[{"taxonomy":"category","embeddable":true,"href":"https:\/\/ecu.edu.uy\/sitioweb\/wp-json\/wp\/v2\/categories?post=9008"},{"taxonomy":"post_tag","embeddable":true,"href":"https:\/\/ecu.edu.uy\/sitioweb\/wp-json\/wp\/v2\/tags?post=9008"}],"curies":[{"name":"wp","href":"https:\/\/api.w.org\/{rel}","templated":true}]}}