{"id":9057,"date":"2023-10-15T20:01:54","date_gmt":"2023-10-15T23:01:54","guid":{"rendered":"https:\/\/ecu.edu.uy\/sitioweb\/?p=9057"},"modified":"2023-12-11T21:24:17","modified_gmt":"2023-12-12T00:24:17","slug":"el-23-festival-de-escuelas-de-cine-en-canelones","status":"publish","type":"post","link":"https:\/\/ecu.edu.uy\/sitioweb\/el-23-festival-de-escuelas-de-cine-en-canelones\/","title":{"rendered":"El 23 Festival de Escuelas de Cine en Canelones"},"content":{"rendered":"<p>Por segundo a\u00f1o consecutivo el <strong>Festival Internacional de Escuelas de Cine (FIEC)<\/strong>, organizado por la <strong>Escuela de Cine del Uruguay (ECU) y Cinemateca Uruguaya<\/strong>, contar\u00e1 con exhibiciones alternativas en el departamento de Canelones, en coordinaci\u00f3n con <strong>Canelones Audiovisual<\/strong>. Las mismas ser\u00e1n los d\u00edas mi\u00e9rcoles 8 de noviembre en la <strong>Sala Auditorio Batalla de Las Piedras del Parque Artigas de Las Piedras<\/strong>, y el jueves 9 de noviembre en el <strong>Centro Cultural Parque del Plata<\/strong>.<\/p>\n<p>Ambas instancias, especialmente dirigidas a estudiantes de bachilleratos art\u00edsticos y UTU aunque abiertas a todo p\u00fablico, tienen como objetivo ampliar la mirada de las nuevas generaciones de espectadores mediante el acceso a material alternativo de calidad, buscando de ese modo generar la reflexi\u00f3n y el intercambio de ideas sobre el mundo que les rodea y sobre el cine como medio de expresi\u00f3n. Y al mismo tiempo, presentar la formaci\u00f3n en cine y audiovisual como una posibilidad real de dedicaci\u00f3n profesional en nuestro pa\u00eds, gracias al creciente desarrollo del sector en los \u00faltimos a\u00f1os. Ser\u00e1 una oportunidad tambi\u00e9n para acercar la programaci\u00f3n del Festival a nuevos espectadores.<\/p>\n<p>El FIEC, organizado desde el a\u00f1o 2000, es el \u00fanico espacio en el pa\u00eds dedicado exclusivamente a la exhibici\u00f3n de cortometrajes realizados por estudiantes de cine y audiovisual de centros de formaci\u00f3n profesional de todo el mundo. Desde entonces, el FIEC ha reunido trabajos de m\u00e1s de 150 escuelas de cine de todo el mundo, incorporando en cada edici\u00f3n nuevas instituciones y pa\u00edses.<\/p>\n<p>La proyecci\u00f3n \u2013 que tendr\u00e1 una duraci\u00f3n aproximada de 70 minutos &#8211; incluir\u00e1 una selecci\u00f3n de algunos de los cortometrajes nacionales e internacionales premiados en la edici\u00f3n 2023 del Festival, tanto por el Jurado Profesional como por el Jurado Estudiantil. Habr\u00e1 una instancia de presentaci\u00f3n, intercambio de ideas y reflexiones en torno a las pel\u00edculas vistas.<\/p>\n<p><strong>Agenda:<\/strong><\/p>\n<p>Mi\u00e9rcoles 8\/11 15:00 horas &#8211; Sala Auditorio Batalla de Las Piedras &#8211; Parque Artigas<\/p>\n<p>Jueves 9\/11 14:00 horas &#8211; Centro Cultural Parque del Plata<\/p>\n<p><strong>M\u00e1s informaci\u00f3n sobre el Festival: <a href=\"https:\/\/ecu.edu.uy\/sitioweb\/festival-2023\/\">www.ecu.edu.uy<\/a> <\/strong><\/p>\n<p><strong>Esta edici\u00f3n del Festival es posible gracias al apoyo de ACAU, Montevideo Audiovisual, CILECT-CIBA, Sala Zitarrosa, Musitelli, La Mayor, Sony, Sin Sol, Vivace Post, Artemisa Lab, Programa Cinescope, QUBIT, Hotel Ibis, Acuaria, \u00c1nima Espacio Cultural, Caf\u00e9 del Cine, Montevideo al Sur, Bar Paysand\u00fa, Bacacay La Diaria, Atorrante Caf\u00e9, F\u00e9nix Bar, Ciudadela Bar, La Ronda, Taz\u00fa Bar Cultural, Cerveza Patricia, Bodegas Dante Robino, Radio Taxi 141, Canelones Audiovisual, La Diaria, Montevideo Portal, TV Ciudad, Canal 5 y FilmFreeway.<\/strong><\/p>\n","protected":false},"excerpt":{"rendered":"<p>Por segundo a&ntilde;o consecutivo el Festival Internacional de Escuelas de Cine (FIEC), organizado por la Escuela de Cine del Uruguay (ECU) y Cinemateca Uruguaya, contar&aacute; con exhibiciones alternativas en el departamento de Canelones, en coordinaci&oacute;n con Canelones Audiovisual. Las mismas ser&aacute;n los d&iacute;as mi&eacute;rcoles 8 de noviembre en la Sala Auditorio Batalla de Las Piedras&#8230; <\/p>\n<div class=\"clear\"><\/div>\n<p><a href=\"https:\/\/ecu.edu.uy\/sitioweb\/el-23-festival-de-escuelas-de-cine-en-canelones\/\" class=\"gdlr-button with-border excerpt-read-more\">Leer mas<\/a><\/p>\n","protected":false},"author":2,"featured_media":8962,"comment_status":"open","ping_status":"open","sticky":false,"template":"","format":"standard","meta":[],"categories":[82,80],"tags":[],"_links":{"self":[{"href":"https:\/\/ecu.edu.uy\/sitioweb\/wp-json\/wp\/v2\/posts\/9057"}],"collection":[{"href":"https:\/\/ecu.edu.uy\/sitioweb\/wp-json\/wp\/v2\/posts"}],"about":[{"href":"https:\/\/ecu.edu.uy\/sitioweb\/wp-json\/wp\/v2\/types\/post"}],"author":[{"embeddable":true,"href":"https:\/\/ecu.edu.uy\/sitioweb\/wp-json\/wp\/v2\/users\/2"}],"replies":[{"embeddable":true,"href":"https:\/\/ecu.edu.uy\/sitioweb\/wp-json\/wp\/v2\/comments?post=9057"}],"version-history":[{"count":3,"href":"https:\/\/ecu.edu.uy\/sitioweb\/wp-json\/wp\/v2\/posts\/9057\/revisions"}],"predecessor-version":[{"id":9060,"href":"https:\/\/ecu.edu.uy\/sitioweb\/wp-json\/wp\/v2\/posts\/9057\/revisions\/9060"}],"wp:featuredmedia":[{"embeddable":true,"href":"https:\/\/ecu.edu.uy\/sitioweb\/wp-json\/wp\/v2\/media\/8962"}],"wp:attachment":[{"href":"https:\/\/ecu.edu.uy\/sitioweb\/wp-json\/wp\/v2\/media?parent=9057"}],"wp:term":[{"taxonomy":"category","embeddable":true,"href":"https:\/\/ecu.edu.uy\/sitioweb\/wp-json\/wp\/v2\/categories?post=9057"},{"taxonomy":"post_tag","embeddable":true,"href":"https:\/\/ecu.edu.uy\/sitioweb\/wp-json\/wp\/v2\/tags?post=9057"}],"curies":[{"name":"wp","href":"https:\/\/api.w.org\/{rel}","templated":true}]}}