{"id":9186,"date":"2024-05-13T20:34:19","date_gmt":"2024-05-13T23:34:19","guid":{"rendered":"https:\/\/ecu.edu.uy\/sitioweb\/?p=9186"},"modified":"2024-05-13T20:34:19","modified_gmt":"2024-05-13T23:34:19","slug":"raul-ruiz-fascinacion-y-distanciamiento","status":"publish","type":"post","link":"https:\/\/ecu.edu.uy\/sitioweb\/raul-ruiz-fascinacion-y-distanciamiento\/","title":{"rendered":"Raul Ruiz   &#8220;Fascinacion y distanciamiento&#8221;"},"content":{"rendered":"<p align=\"justify\"><span style=\"color: #222222\"><span style=\"font-size: medium\"><span style=\"font-family: Arial, Helvetica, sans-serif\">Probablemente las ideas de Ra\u00fal Ruiz (<\/span><span style=\"font-family: Arial, Helvetica, sans-serif\">Puerto Montt, 1941-<\/span><span style=\"font-family: Arial, Helvetica, sans-serif\"> Par<\/span><span style=\"font-family: Arial, Helvetica, sans-serif\">\u00ed<\/span><span style=\"font-family: Arial, Helvetica, sans-serif\">s, <\/span><span style=\"font-family: Arial, Helvetica, sans-serif\">2011<\/span><span style=\"font-family: Arial, Helvetica, sans-serif\">) sean de lo mas revulsivo que el cine contempor\u00e1neo pueda ofrecer. No solo por su erudici\u00f3n tan <\/span><span style=\"font-family: Arial, Helvetica, sans-serif\">ca\u00f3tica y <\/span><span style=\"font-family: Arial, Helvetica, sans-serif\">singular sino por el modo en que interpela y cuestiona pr\u00e1cticamente todo lo que se podr\u00eda llamar <\/span><span style=\"font-family: Arial, Helvetica, sans-serif\">nuestro <\/span><span style=\"font-family: Arial, Helvetica, sans-serif\">saber cinematogr\u00e1fico y <\/span><span style=\"font-family: Arial, Helvetica, sans-serif\">nuestros <\/span><span style=\"font-family: Arial, Helvetica, sans-serif\">modos de hacer cine. <\/span><span style=\"font-family: Arial, Helvetica, sans-serif\">En sus textos, entrevistas o conferencias, Ruiz insiste en mezclarlo todo: como si no hubiera finalmente disciplina que no pudiera ingresar en el universo cine. <\/span><span style=\"font-family: Arial, Helvetica, sans-serif\">Y en la idea de que un cineasta es, <\/span><span style=\"font-family: Arial, Helvetica, sans-serif\">antes que nada, un inventor de tiempos y de espacios, de im\u00e1genes y sonidos cuya combinaciones, siempre infinitas, son el modo especifico en que un cineasta <\/span><span style=\"font-family: Arial, Helvetica, sans-serif\">piensa<\/span><span style=\"font-family: Arial, Helvetica, sans-serif\"> el mundo. <\/span><\/span><\/span><\/p>\n<p align=\"justify\"><span style=\"font-size: medium\"><span style=\"color: #222222\"><span style=\"font-family: Arial, Helvetica, sans-serif\">Tres son las ideas b\u00e1sicas del cine de RR. <\/span><\/span><span style=\"color: #222222\"><span style=\"font-family: Arial, Helvetica, sans-serif\">L<\/span><\/span><span style=\"color: #222222\"><span style=\"font-family: Arial, Helvetica, sans-serif\">a primera: <\/span><\/span><span style=\"color: #222222\"><span style=\"font-family: Arial, Helvetica, sans-serif\">son <\/span><\/span><span style=\"color: #222222\"><span style=\"font-family: Arial, Helvetica, sans-serif\">las im\u00e1genes que componen una pel\u00edcula las que determinan el tipo de narraci\u00f3n que la estructura; la segunda: una pel\u00edcula no esta compuesta por una cantidad determinada de planos sino, mas bien, descompuesta por ellos; en ese sentido, ver una pel\u00edcula<\/span><\/span> <span style=\"color: #222222\"><span style=\"font-family: Arial, Helvetica, sans-serif\">de 500 planos es ver 500 pel\u00edculas. La tercera, finalmente, piensa que una pel\u00edcula solo tiene valor en el sent<\/span><\/span><span style=\"color: #222222\"><span style=\"font-family: Arial, Helvetica, sans-serif\">ido <\/span><\/span><span style=\"color: #222222\"><span style=\"font-family: Arial, Helvetica, sans-serif\">est\u00e9tico de la palabra, es decir: si mira al espectador tanto como es mirada por el.<\/span><\/span><\/span><\/p>\n<p align=\"justify\"><span style=\"color: #222222\"><span style=\"font-family: Arial, Helvetica, sans-serif\"><span style=\"font-size: medium\">Va, aqu\u00ed adjunta, una peque\u00f1a entrega de su pensamiento, el texto \u201cFascinaci\u00f3n y distanciamiento\u201d publicado en \u201cPo\u00e9ticas del cine\u201d.<a href=\"https:\/\/drive.google.com\/file\/d\/1sh6g5Yp-Ki2HBY72bpZPn7ISRHbnsinU\/view?usp=sharing\">https:\/\/drive.google.com\/file\/d\/1sh6g5Yp-Ki2HBY72bpZPn7ISRHbnsinU\/view?usp=sharing<\/a><\/span><\/span><\/span><\/p>\n","protected":false},"excerpt":{"rendered":"<p>Probablemente las ideas de Ra&uacute;l Ruiz (Puerto Montt, 1941- Par&iacute;s, 2011) sean de lo mas revulsivo que el cine contempor&aacute;neo pueda ofrecer. No solo por su erudici&oacute;n tan ca&oacute;tica y singular sino por el modo en que interpela y cuestiona pr&aacute;cticamente todo lo que se podr&iacute;a llamar nuestro saber cinematogr&aacute;fico y nuestros modos de hacer&#8230; <\/p>\n<div class=\"clear\"><\/div>\n<p><a href=\"https:\/\/ecu.edu.uy\/sitioweb\/raul-ruiz-fascinacion-y-distanciamiento\/\" class=\"gdlr-button with-border excerpt-read-more\">Leer mas<\/a><\/p>\n","protected":false},"author":7,"featured_media":0,"comment_status":"open","ping_status":"open","sticky":false,"template":"","format":"standard","meta":[],"categories":[193],"tags":[],"_links":{"self":[{"href":"https:\/\/ecu.edu.uy\/sitioweb\/wp-json\/wp\/v2\/posts\/9186"}],"collection":[{"href":"https:\/\/ecu.edu.uy\/sitioweb\/wp-json\/wp\/v2\/posts"}],"about":[{"href":"https:\/\/ecu.edu.uy\/sitioweb\/wp-json\/wp\/v2\/types\/post"}],"author":[{"embeddable":true,"href":"https:\/\/ecu.edu.uy\/sitioweb\/wp-json\/wp\/v2\/users\/7"}],"replies":[{"embeddable":true,"href":"https:\/\/ecu.edu.uy\/sitioweb\/wp-json\/wp\/v2\/comments?post=9186"}],"version-history":[{"count":1,"href":"https:\/\/ecu.edu.uy\/sitioweb\/wp-json\/wp\/v2\/posts\/9186\/revisions"}],"predecessor-version":[{"id":9187,"href":"https:\/\/ecu.edu.uy\/sitioweb\/wp-json\/wp\/v2\/posts\/9186\/revisions\/9187"}],"wp:attachment":[{"href":"https:\/\/ecu.edu.uy\/sitioweb\/wp-json\/wp\/v2\/media?parent=9186"}],"wp:term":[{"taxonomy":"category","embeddable":true,"href":"https:\/\/ecu.edu.uy\/sitioweb\/wp-json\/wp\/v2\/categories?post=9186"},{"taxonomy":"post_tag","embeddable":true,"href":"https:\/\/ecu.edu.uy\/sitioweb\/wp-json\/wp\/v2\/tags?post=9186"}],"curies":[{"name":"wp","href":"https:\/\/api.w.org\/{rel}","templated":true}]}}