{"id":9239,"date":"2024-08-05T17:39:01","date_gmt":"2024-08-05T20:39:01","guid":{"rendered":"https:\/\/ecu.edu.uy\/sitioweb\/?p=9239"},"modified":"2024-08-05T17:40:46","modified_gmt":"2024-08-05T20:40:46","slug":"jurado-profesional-professional-jury","status":"publish","type":"post","link":"https:\/\/ecu.edu.uy\/sitioweb\/jurado-profesional-professional-jury\/","title":{"rendered":"Jurado Profesional \/ Professional Jury"},"content":{"rendered":"<p><strong>Alejo Moguillansky (Argentina)<\/strong><\/p>\n<p><img loading=\"lazy\" class=\"wp-image-9240 alignleft\" src=\"https:\/\/ecu.edu.uy\/wp-content\/uploads\/2024\/08\/Profesional2Feed.png\" alt=\"\" width=\"234\" height=\"234\" srcset=\"https:\/\/ecu.edu.uy\/wp-content\/uploads\/2024\/08\/Profesional2Feed.png 1201w, https:\/\/ecu.edu.uy\/wp-content\/uploads\/2024\/08\/Profesional2Feed-300x300.png 300w, https:\/\/ecu.edu.uy\/wp-content\/uploads\/2024\/08\/Profesional2Feed-1024x1024.png 1024w, https:\/\/ecu.edu.uy\/wp-content\/uploads\/2024\/08\/Profesional2Feed-150x150.png 150w, https:\/\/ecu.edu.uy\/wp-content\/uploads\/2024\/08\/Profesional2Feed-768x768.png 768w, https:\/\/ecu.edu.uy\/wp-content\/uploads\/2024\/08\/Profesional2Feed-400x400.png 400w\" sizes=\"(max-width: 234px) 100vw, 234px\" \/>Sus films han sido estrenados en Cannes, Berl\u00edn, Locarno, Viennale, entre otros festivales, y fueron foco de retrospectivas en todo el mundo. En BAFICI gan\u00f3 en cuatro ocasiones el premio a Mejor Pel\u00edcula Argentina. Mont\u00f3 pel\u00edculas de Hugo Santiago, Mariano Llin\u00e1s, Laura Citarella, Mat\u00edas Pi\u00f1eiro, Santiago Mitre, Albertina Carri, Rafael Filippelli. Desde hace quince a\u00f1os trabaja en colaboraci\u00f3n con Luciana Acu\u00f1a, y Grupo Krapp, en pel\u00edculas y obras esc\u00e9nicas.\u00a0 Es Profesor en la Universidad del Cine y tutor en el Taller de Cine de la Universidad Di Tella. Es miembro del Comit\u00e9 de Redacci\u00f3n de Revista de Cine. Es director de programaci\u00f3n de VECINE. Fund\u00f3 junto a Mariano Llin\u00e1s, Laura Citarella y Agust\u00edn Mendilaharzu El Pampero Cine, organizaci\u00f3n responsable de numerosos films en sus dos d\u00e9cadas de vida. Algunos de ellos son: Historias Extraordinarias (Mariano Llin\u00e1s, 2008), Castro (Alejo Moguillansky, 2009), Ostende (Laura Citarella, 2011), La Mujer de los Perros (Laura Citarella \/ Ver\u00f3nica Llin\u00e1s, 2015), La Flor (Mariano Llin\u00e1s, 2018), Un d\u00eda de caza (Alejo Moguillansky, 2020), Trenque Lauquen (Laura Citarella, 2022), Clorindo Testa (Mariano Llin\u00e1s, 2022), Un Andantino (Alejo Moguillansky, 2023).<\/p>\n<p>&nbsp;<\/p>\n<p><strong>\u00c1ngela L\u00f3pez Ruiz (Uruguay)<\/strong><\/p>\n<p><img loading=\"lazy\" class=\" wp-image-9241 alignleft\" src=\"https:\/\/ecu.edu.uy\/wp-content\/uploads\/2024\/08\/Profesional3Feed.png\" alt=\"\" width=\"236\" height=\"236\" srcset=\"https:\/\/ecu.edu.uy\/wp-content\/uploads\/2024\/08\/Profesional3Feed.png 1201w, https:\/\/ecu.edu.uy\/wp-content\/uploads\/2024\/08\/Profesional3Feed-300x300.png 300w, https:\/\/ecu.edu.uy\/wp-content\/uploads\/2024\/08\/Profesional3Feed-1024x1024.png 1024w, https:\/\/ecu.edu.uy\/wp-content\/uploads\/2024\/08\/Profesional3Feed-150x150.png 150w, https:\/\/ecu.edu.uy\/wp-content\/uploads\/2024\/08\/Profesional3Feed-768x768.png 768w, https:\/\/ecu.edu.uy\/wp-content\/uploads\/2024\/08\/Profesional3Feed-400x400.png 400w\" sizes=\"(max-width: 236px) 100vw, 236px\" \/>Montevideo, 1963. Magister en Estudios Latinoamericanos y Licenciada en Artes Visuales (UdelaR). Particip\u00f3 en ISMO ISMO ISMO Cine Experimental en Am\u00e9rica Latina de Los Angeles Film Forum para el Pacific Standard Time LA\/LA de la Fundaci\u00f3n Getty. Es parte de la Fundaci\u00f3n de Arte Contempor\u00e1neo donde colabora con las actividades del Laboratorio-FAC. Es docente invitada a la Maestr\u00eda de Cine Alternativo de EICTV-Cuba, PHD in practice de la Academia de Arte de Viena, Taller Decolonial de Carlos Musso en la Facultad de Artes (UdelaR) y del programa Mentor\u00edas del Ministerio de Educaci\u00f3n y Cultura del Uruguay. Desarroll\u00f3 su proyecto &#8220;Arqueolog\u00eda de la Imagen&#8221; en la Fundaci\u00f3n de Arte Contempor\u00e1neo. Su investigaci\u00f3n ha sido expuesta en la 29\u00aa Bienal de San Pablo (Brasil), PHD in practice de la Academia de Artes de Viena,7\u00b0 Simposio Films hu\u00e9rfanos (NYU), Working Documents (Barcelona), entre otros. Como curadora destaca: Mujeres experimentalistas en Am\u00e9rica Latina -Hammer Museum, Berkeley Art Museum and Pacific Film Archive y Cine Tonal\u00e1 de Tijuana (2017), Pioneras del Arte de Acci\u00f3n\/ Centro Cultural de Espa\u00f1a (Montevideo,2016), Southern Latitude\/ Filmmakers Coop (2016), Antolog\u00eda de la Video performance en Uruguay\/ Museo del Barrio\/Nueva York (2008), y las cuatro ediciones de 05982 en la Fundaci\u00f3n de Arte Contempor\u00e1neo (2006-2009). Junto a Juliana Rosales crearon los Focos de Acci\u00f3n presentado en la 30\u00aa Bienal de San Pablo (2012), 9\u00aa Bienal de Salto (2011) y Encuentro Regional de Arte (2007).<\/p>\n<p><strong>Cristhian Orta (Uruguay)<\/strong><\/p>\n<p><img loading=\"lazy\" class=\" wp-image-9242 alignleft\" src=\"https:\/\/ecu.edu.uy\/wp-content\/uploads\/2024\/08\/Profesional4Feed.png\" alt=\"\" width=\"238\" height=\"238\" srcset=\"https:\/\/ecu.edu.uy\/wp-content\/uploads\/2024\/08\/Profesional4Feed.png 1201w, https:\/\/ecu.edu.uy\/wp-content\/uploads\/2024\/08\/Profesional4Feed-300x300.png 300w, https:\/\/ecu.edu.uy\/wp-content\/uploads\/2024\/08\/Profesional4Feed-1024x1024.png 1024w, https:\/\/ecu.edu.uy\/wp-content\/uploads\/2024\/08\/Profesional4Feed-150x150.png 150w, https:\/\/ecu.edu.uy\/wp-content\/uploads\/2024\/08\/Profesional4Feed-768x768.png 768w, https:\/\/ecu.edu.uy\/wp-content\/uploads\/2024\/08\/Profesional4Feed-400x400.png 400w\" sizes=\"(max-width: 238px) 100vw, 238px\" \/>Montevideo, 1989. Director y guionista egresado de la Escuela de Cine del Uruguay, carrera que realiz\u00f3 en calidad de becado tras haber ganado el concurso \u201cHac\u00e9 Cine\u201d. Actualmente trabaja como guionista para la productora Cimarr\u00f3n. Fue coordinador de guion de la serie \u201cAmia\u201d, dirigida por Guillermo Rocamora para Dori Media Group, y supervisor de guion de varias series y pel\u00edculas, entre las que destaca \u201cEl Viento que arrasa\u201d, dirigida por la directora argentina Paula Hern\u00e1ndez, estrenada en Toronto y San Sebasti\u00e1n. En 2023 publica \u201cMontevideo Vampiro\u201d, su primera novela gr\u00e1fica como guionista, editada por Club Editorial, proyecto ganador del Fondo Concursable para la Cultura (MEC). Obtuvo el Fondo de Fomento Cinematogr\u00e1fico y Audiovisual de ACAU, en las l\u00edneas Desarrollo de Proyecto de Largometraje de Ficci\u00f3n (\u201cMontevideo Vampiro\u201d) y Desarrollo de Guion (\u201cUr\u00f3boros\u201d), y el apoyo del Programa Uruguay Audiovisual, tambi\u00e9n en la l\u00ednea de desarrollo (\u201cSud-Am\u00e9rica\u201d y \u201cMontevideo Vampiro\u201d). Sus cortometrajes han participado en festivales a nivel nacional e internacional y obtenido reconocimientos como el de mejor guion, mejor direcci\u00f3n y mejor cortometraje latinoamericano. Gracias a ello, fue becado en la School of Cinematic Arts de la University of Southern California (2016), invitado a la primera edici\u00f3n del M\u00e1laga Talent (2018) y apoyado por el Banco Interamericano de Desarrollo para realizar un curso de formaci\u00f3n complementaria en direcci\u00f3n y producci\u00f3n a cargo de la New York Film Academy (2021). Como autor, adem\u00e1s, publica de forma independiente su tira web de humor gr\u00e1fico \u201cCorta la bocha\u201d, desde 2012 a la actualidad. Ha trabajado con ni\u00f1os, adolescentes y adultos al frente de talleres vinculados al cine, la escritura y\/o el dibujo, en la Escuela de Cine del Uruguay, el Colegio Latinoamericano, el Instituto de los J\u00f3venes (IDEJO), el Festival Internacional de Cine y Derechos Humanos, el Centro Cultural La Experimental de Malv\u00edn, Estudio Anormal, Radio Vilardevoz y el Taller de Artes Audiovisuales (TAA), entre otros.<\/p>\n<p>&nbsp;<\/p>\n","protected":false},"excerpt":{"rendered":"<p>Alejo Moguillansky (Argentina) Sus films han sido estrenados en Cannes, Berl&iacute;n, Locarno, Viennale, entre otros festivales, y fueron foco de retrospectivas en todo el mundo. En BAFICI gan&oacute; en cuatro ocasiones el premio a Mejor Pel&iacute;cula Argentina. Mont&oacute; pel&iacute;culas de Hugo Santiago, Mariano Llin&aacute;s, Laura Citarella, Mat&iacute;as Pi&ntilde;eiro, Santiago Mitre, Albertina Carri, Rafael Filippelli. Desde&#8230; <\/p>\n<div class=\"clear\"><\/div>\n<p><a href=\"https:\/\/ecu.edu.uy\/sitioweb\/jurado-profesional-professional-jury\/\" class=\"gdlr-button with-border excerpt-read-more\">Leer mas<\/a><\/p>\n","protected":false},"author":2,"featured_media":0,"comment_status":"open","ping_status":"open","sticky":false,"template":"","format":"standard","meta":[],"categories":[1],"tags":[],"_links":{"self":[{"href":"https:\/\/ecu.edu.uy\/sitioweb\/wp-json\/wp\/v2\/posts\/9239"}],"collection":[{"href":"https:\/\/ecu.edu.uy\/sitioweb\/wp-json\/wp\/v2\/posts"}],"about":[{"href":"https:\/\/ecu.edu.uy\/sitioweb\/wp-json\/wp\/v2\/types\/post"}],"author":[{"embeddable":true,"href":"https:\/\/ecu.edu.uy\/sitioweb\/wp-json\/wp\/v2\/users\/2"}],"replies":[{"embeddable":true,"href":"https:\/\/ecu.edu.uy\/sitioweb\/wp-json\/wp\/v2\/comments?post=9239"}],"version-history":[{"count":2,"href":"https:\/\/ecu.edu.uy\/sitioweb\/wp-json\/wp\/v2\/posts\/9239\/revisions"}],"predecessor-version":[{"id":9244,"href":"https:\/\/ecu.edu.uy\/sitioweb\/wp-json\/wp\/v2\/posts\/9239\/revisions\/9244"}],"wp:attachment":[{"href":"https:\/\/ecu.edu.uy\/sitioweb\/wp-json\/wp\/v2\/media?parent=9239"}],"wp:term":[{"taxonomy":"category","embeddable":true,"href":"https:\/\/ecu.edu.uy\/sitioweb\/wp-json\/wp\/v2\/categories?post=9239"},{"taxonomy":"post_tag","embeddable":true,"href":"https:\/\/ecu.edu.uy\/sitioweb\/wp-json\/wp\/v2\/tags?post=9239"}],"curies":[{"name":"wp","href":"https:\/\/api.w.org\/{rel}","templated":true}]}}