{"id":9245,"date":"2024-08-05T17:44:53","date_gmt":"2024-08-05T20:44:53","guid":{"rendered":"https:\/\/ecu.edu.uy\/sitioweb\/?p=9245"},"modified":"2024-08-05T17:44:53","modified_gmt":"2024-08-05T20:44:53","slug":"jurado-estudiantil-student-jury","status":"publish","type":"post","link":"https:\/\/ecu.edu.uy\/sitioweb\/jurado-estudiantil-student-jury\/","title":{"rendered":"Jurado Estudiantil \/ Student Jury"},"content":{"rendered":"<p><strong><img loading=\"lazy\" class=\" wp-image-9246 alignleft\" src=\"https:\/\/ecu.edu.uy\/wp-content\/uploads\/2024\/08\/Estudiantil3Feed.png\" alt=\"\" width=\"244\" height=\"244\" srcset=\"https:\/\/ecu.edu.uy\/wp-content\/uploads\/2024\/08\/Estudiantil3Feed.png 1201w, https:\/\/ecu.edu.uy\/wp-content\/uploads\/2024\/08\/Estudiantil3Feed-300x300.png 300w, https:\/\/ecu.edu.uy\/wp-content\/uploads\/2024\/08\/Estudiantil3Feed-1024x1024.png 1024w, https:\/\/ecu.edu.uy\/wp-content\/uploads\/2024\/08\/Estudiantil3Feed-150x150.png 150w, https:\/\/ecu.edu.uy\/wp-content\/uploads\/2024\/08\/Estudiantil3Feed-768x768.png 768w, https:\/\/ecu.edu.uy\/wp-content\/uploads\/2024\/08\/Estudiantil3Feed-400x400.png 400w\" sizes=\"(max-width: 244px) 100vw, 244px\" \/>El\u00edas De Martino (Escuela de Cine del Uruguay)<\/strong><\/p>\n<p>Naci\u00f3 en Montevideo en el a\u00f1o 2004. En 2021 fue parte del Taller de Arte Audiovisual (TAA) para adolescentes y en 2023 obtuvo el segundo premio del concurso Hac\u00e9 Cine para ingresar a la ECU. Dentro de la escuela fue parte de varios proyectos, desempe\u00f1\u00e1ndose en diversas \u00e1reas como direcci\u00f3n, fotograf\u00eda y montaje. Actualmente cursa el segundo a\u00f1o de la Carrera de Realizaci\u00f3n Cinematogr\u00e1fica en la ECU.<\/p>\n<p>&nbsp;<\/p>\n<p>&nbsp;<\/p>\n<p>&nbsp;<\/p>\n<p>&nbsp;<\/p>\n<p><strong><img loading=\"lazy\" class=\" wp-image-9247 alignleft\" src=\"https:\/\/ecu.edu.uy\/wp-content\/uploads\/2024\/08\/Estudiantil2Feed.png\" alt=\"\" width=\"243\" height=\"243\" srcset=\"https:\/\/ecu.edu.uy\/wp-content\/uploads\/2024\/08\/Estudiantil2Feed.png 1201w, https:\/\/ecu.edu.uy\/wp-content\/uploads\/2024\/08\/Estudiantil2Feed-300x300.png 300w, https:\/\/ecu.edu.uy\/wp-content\/uploads\/2024\/08\/Estudiantil2Feed-1024x1024.png 1024w, https:\/\/ecu.edu.uy\/wp-content\/uploads\/2024\/08\/Estudiantil2Feed-150x150.png 150w, https:\/\/ecu.edu.uy\/wp-content\/uploads\/2024\/08\/Estudiantil2Feed-768x768.png 768w, https:\/\/ecu.edu.uy\/wp-content\/uploads\/2024\/08\/Estudiantil2Feed-400x400.png 400w\" sizes=\"(max-width: 243px) 100vw, 243px\" \/>Eugenia P\u00e9rez (Universidad de Montevideo)<\/strong><\/p>\n<p>Naci\u00f3 en Maldonado en el a\u00f1o 2003, y cursa el cuarto a\u00f1o de la Licenciatura en Comunicaci\u00f3n en la Universidad de Montevideo. Ha participado en diversos cortometrajes estudiantiles y, entre ellos, produjo Desvinculado (2023), seleccionado en el festival Detour. Tambi\u00e9n produjo el videoclip Acostumbrarme de Anne Lukin y Maren, ganador a Mejor Producci\u00f3n de Ficci\u00f3n en los Premios IMMA. Actualmente trabaja como montajista en la productora audiovisual Buenos Tiempos.<\/p>\n<p>&nbsp;<\/p>\n<p>&nbsp;<\/p>\n<p>&nbsp;<\/p>\n<p>&nbsp;<\/p>\n<p><strong><img loading=\"lazy\" class=\" wp-image-9248 alignleft\" src=\"https:\/\/ecu.edu.uy\/wp-content\/uploads\/2024\/08\/Estudiantil4Feed.png\" alt=\"\" width=\"240\" height=\"240\" srcset=\"https:\/\/ecu.edu.uy\/wp-content\/uploads\/2024\/08\/Estudiantil4Feed.png 1201w, https:\/\/ecu.edu.uy\/wp-content\/uploads\/2024\/08\/Estudiantil4Feed-300x300.png 300w, https:\/\/ecu.edu.uy\/wp-content\/uploads\/2024\/08\/Estudiantil4Feed-1024x1024.png 1024w, https:\/\/ecu.edu.uy\/wp-content\/uploads\/2024\/08\/Estudiantil4Feed-150x150.png 150w, https:\/\/ecu.edu.uy\/wp-content\/uploads\/2024\/08\/Estudiantil4Feed-768x768.png 768w, https:\/\/ecu.edu.uy\/wp-content\/uploads\/2024\/08\/Estudiantil4Feed-400x400.png 400w\" sizes=\"(max-width: 240px) 100vw, 240px\" \/>Mar\u00eda In\u00e9s Colman (Universidad de la Rep\u00fablica)<\/strong><\/p>\n<p>Estudiante de cine desde 2016, comenz\u00f3 su trayectoria audiovisual en UTU Arrayanes con proyectos de direcci\u00f3n, montaje y post producci\u00f3n de sonido. En 2019 inici\u00f3 la Licenciatura en Lenguajes y Medios Audiovisuales en la Facultad de Artes de la Universidad de la Rep\u00fablica, donde se enamor\u00f3 de la asistencia de direcci\u00f3n. En paralelo, realiz\u00f3 varios cortometrajes de ficci\u00f3n y documental con toques experimentales. Particip\u00f3 de Generaci\u00f3n J, encuentro para j\u00f3venes productores en el Festival Internacional de Cine de Jos\u00e9 Ignacio 2023. Su \u00faltima obra fue una miniserie c\u00f3mica de tres episodios &#8220;Rumis&#8221;, codirigida con Joaquina Torres y Gimena G\u00f3mez. Actualmente trabaja en su TFE sobre el rol del asistente de direcci\u00f3n en Uruguay y el cambio de \u00e9ste en el correr de los a\u00f1os. Adem\u00e1s, se encuentra en etapa de escritura de su primer proyecto fuera del \u00e1mbito acad\u00e9mico.<\/p>\n","protected":false},"excerpt":{"rendered":"<p>El&iacute;as De Martino (Escuela de Cine del Uruguay) Naci&oacute; en Montevideo en el a&ntilde;o 2004. En 2021 fue parte del Taller de Arte Audiovisual (TAA) para adolescentes y en 2023 obtuvo el segundo premio del concurso Hac&eacute; Cine para ingresar a la ECU. Dentro de la escuela fue parte de varios proyectos, desempe&ntilde;&aacute;ndose en diversas&#8230; <\/p>\n<div class=\"clear\"><\/div>\n<p><a href=\"https:\/\/ecu.edu.uy\/sitioweb\/jurado-estudiantil-student-jury\/\" class=\"gdlr-button with-border excerpt-read-more\">Leer mas<\/a><\/p>\n","protected":false},"author":2,"featured_media":0,"comment_status":"open","ping_status":"open","sticky":false,"template":"","format":"standard","meta":[],"categories":[1],"tags":[],"_links":{"self":[{"href":"https:\/\/ecu.edu.uy\/sitioweb\/wp-json\/wp\/v2\/posts\/9245"}],"collection":[{"href":"https:\/\/ecu.edu.uy\/sitioweb\/wp-json\/wp\/v2\/posts"}],"about":[{"href":"https:\/\/ecu.edu.uy\/sitioweb\/wp-json\/wp\/v2\/types\/post"}],"author":[{"embeddable":true,"href":"https:\/\/ecu.edu.uy\/sitioweb\/wp-json\/wp\/v2\/users\/2"}],"replies":[{"embeddable":true,"href":"https:\/\/ecu.edu.uy\/sitioweb\/wp-json\/wp\/v2\/comments?post=9245"}],"version-history":[{"count":1,"href":"https:\/\/ecu.edu.uy\/sitioweb\/wp-json\/wp\/v2\/posts\/9245\/revisions"}],"predecessor-version":[{"id":9249,"href":"https:\/\/ecu.edu.uy\/sitioweb\/wp-json\/wp\/v2\/posts\/9245\/revisions\/9249"}],"wp:attachment":[{"href":"https:\/\/ecu.edu.uy\/sitioweb\/wp-json\/wp\/v2\/media?parent=9245"}],"wp:term":[{"taxonomy":"category","embeddable":true,"href":"https:\/\/ecu.edu.uy\/sitioweb\/wp-json\/wp\/v2\/categories?post=9245"},{"taxonomy":"post_tag","embeddable":true,"href":"https:\/\/ecu.edu.uy\/sitioweb\/wp-json\/wp\/v2\/tags?post=9245"}],"curies":[{"name":"wp","href":"https:\/\/api.w.org\/{rel}","templated":true}]}}