{"id":9254,"date":"2024-08-07T22:20:41","date_gmt":"2024-08-08T01:20:41","guid":{"rendered":"https:\/\/ecu.edu.uy\/sitioweb\/?p=9254"},"modified":"2024-08-08T15:28:00","modified_gmt":"2024-08-08T18:28:00","slug":"master-class-paula-hernandez","status":"publish","type":"post","link":"https:\/\/ecu.edu.uy\/sitioweb\/master-class-paula-hernandez\/","title":{"rendered":"Master Class: Paula Hern\u00e1ndez"},"content":{"rendered":"<p><strong>Martes 13\/8 \u2013 15:00 hs. (Cinemateca)<\/strong><\/p>\n<p><strong>Moderador: Cristhian Orta<\/strong><\/p>\n<p>La directora y guionista argentina dialogar\u00e1 sobre los diferentes procesos de la adaptaci\u00f3n literaria, del libro a la\u00a0pantalla, a partir de su propia experiencia.<\/p>\n<p><strong><img loading=\"lazy\" class=\" wp-image-9255 alignleft\" src=\"https:\/\/ecu.edu.uy\/wp-content\/uploads\/2024\/08\/2-Paula.png\" alt=\"\" width=\"309\" height=\"309\" srcset=\"https:\/\/ecu.edu.uy\/wp-content\/uploads\/2024\/08\/2-Paula.png 1200w, https:\/\/ecu.edu.uy\/wp-content\/uploads\/2024\/08\/2-Paula-300x300.png 300w, https:\/\/ecu.edu.uy\/wp-content\/uploads\/2024\/08\/2-Paula-1024x1024.png 1024w, https:\/\/ecu.edu.uy\/wp-content\/uploads\/2024\/08\/2-Paula-150x150.png 150w, https:\/\/ecu.edu.uy\/wp-content\/uploads\/2024\/08\/2-Paula-768x768.png 768w, https:\/\/ecu.edu.uy\/wp-content\/uploads\/2024\/08\/2-Paula-400x400.png 400w\" sizes=\"(max-width: 309px) 100vw, 309px\" \/>Paula Hern\u00e1ndez<\/strong> (Buenos Aires, 1969) estudi\u00f3 en la Universidad del Cine de Argentina, fue becaria del Berlinale Talent Campus, y sus proyectos han recibido fondos de Visions Sud Est Fund, Global Film Initiative, Equinoxe TBC, Berlinale Co-production Market, Programa Ibermedia, entre otros. Es directora, guionista y productora.<\/p>\n<p>Su primer largometraje, \u201cHerencia\u201d (2002) obtuvo m\u00e1s de 20 galardones, el Premio \u00d3pera Prima en el Concurso Nacional de \u00d3peras Primas del Instituto Nacional de Cine y Artes Audiovisuales de Argentina (INCAA). A continuaci\u00f3n, realiz\u00f3 \u201cLluvia\u201d (2008), ganadora del Premio Especial del Jurado y el Premio a la Mejor Actriz en el Festival de Cine Iberoamericano de Huelva y Mejor Pel\u00edcula en Mannheim Film Festival. Dirigi\u00f3 el documental &#8220;Familia Lugones&#8221; (2007), la ficci\u00f3n &#8220;Un amor&#8221; (2011) y unos<\/p>\n<p>a\u00f1os m\u00e1s tarde \u201cLos son\u00e1mbulos\u201d (2019), que tuvo su premiere mundial en el Festival Internacional de Toronto (TIFF \/Platform Competition) y fue seleccionada entre otros para el Festival de Cine de San Sebasti\u00e1n (HL), AFI Fest, Chicago International Film Festival, y Festival del Nuevo Cine Latinoamericano de La Habana, donde recibi\u00f3 el Premio Coral a la Mejor Pel\u00edcula, Mejor Guion y Mejor Actriz.<\/p>\n<p>\u201cLas siamesas\u201d (2020) tuvo un gran recorrido internacional pese a la pandemia, llev\u00e1ndose en su premiere mundial el premio Flow a la mejor pel\u00edcula argentina del Festival Internacional de Cine de Mar del Plata). Sus \u00faltimas dos pel\u00edculas recibieron 13 premios Sur de la Academia de Cine, entre ellos mejor pel\u00edcula y direcci\u00f3n, siendo \u201cLos son\u00e1mbulos\u201d la candidata al Oscar por Argentina y \u201cLas siamesas\u201d nominada al Goya Internacional. Ambas pel\u00edculas recibieron 9 premios C\u00f3ndor, incluyendo en ambos casos Mejor Direcci\u00f3n y Mejor Pel\u00edcula.<\/p>\n<p>&#8220;El viento que arrasa&#8221; (2023), basada en la novela de Selva Almada, producida por Cimarr\u00f3n Cine y filmada enteramente en Uruguay, tuvo su premiere internacional en Toronto (TIFF), fue pel\u00edcula de apertura de Horizontes Latinos en el Festival de Cine de San Sebasti\u00e1n y recorri\u00f3 los festivales de Biarritz, Goterborg (Youth Dragon Award), Tromso, Mar del Plata (Premio mejor direcci\u00f3n, Sonido ASA, y Montaje EDA), La Habana (premio FIPRESCI), Fescaal (Premio especial del Jurado), entre otros festivales. Su estreno comercial en Argentina y Uruguay fue en marzo y mayo del 2024 respectivamente.<\/p>\n<p><strong>Cristhian Orta:<\/strong> Montevideo, 1989. Director y guionista egresado de la Escuela de Cine del Uruguay, carrera que realiz\u00f3 en calidad de becado tras haber ganado el concurso \u201cHac\u00e9 Cine\u201d. Actualmente trabaja como guionista para la productora Cimarr\u00f3n. Fue coordinador de guion de la serie \u201cAmia\u201d, dirigida por Guillermo Rocamora para Dori Media Group, y supervisor de guion de varias series y pel\u00edculas, entre las que destaca \u201cEl Viento que arrasa\u201d, dirigida por la directora argentina Paula Hern\u00e1ndez, estrenada en Toronto y San Sebasti\u00e1n.<\/p>\n<p>En 2023 publica \u201cMontevideo Vampiro\u201d, su primera novela gr\u00e1fica como guionista, editada por Club Editorial, proyecto ganador del Fondo Concursable para la Cultura (MEC). Obtuvo el Fondo de Fomento Cinematogr\u00e1fico y Audiovisual de ACAU, en las l\u00edneas Desarrollo de Proyecto de Largometraje de Ficci\u00f3n (\u201cMontevideo Vampiro\u201d) y Desarrollo de Guion (\u201cUr\u00f3boros\u201d), y el apoyo del Programa Uruguay Audiovisual, tambi\u00e9n en la l\u00ednea de desarrollo (\u201cSud-Am\u00e9rica\u201d y \u201cMontevideo Vampiro\u201d). Sus cortometrajes han participado en festivales a nivel nacional e internacional y obtenido varios reconocimientos.<\/p>\n","protected":false},"excerpt":{"rendered":"<p>Martes 13\/8 &ndash; 15:00 hs. (Cinemateca) Moderador: Cristhian Orta La directora y guionista argentina dialogar&aacute; sobre los diferentes procesos de la adaptaci&oacute;n literaria, del libro a la&nbsp;pantalla, a partir de su propia experiencia. Paula Hern&aacute;ndez (Buenos Aires, 1969) estudi&oacute; en la Universidad del Cine de Argentina, fue becaria del Berlinale Talent Campus, y sus proyectos&#8230; <\/p>\n<div class=\"clear\"><\/div>\n<p><a href=\"https:\/\/ecu.edu.uy\/sitioweb\/master-class-paula-hernandez\/\" class=\"gdlr-button with-border excerpt-read-more\">Leer mas<\/a><\/p>\n","protected":false},"author":2,"featured_media":0,"comment_status":"open","ping_status":"open","sticky":false,"template":"","format":"standard","meta":[],"categories":[1],"tags":[],"_links":{"self":[{"href":"https:\/\/ecu.edu.uy\/sitioweb\/wp-json\/wp\/v2\/posts\/9254"}],"collection":[{"href":"https:\/\/ecu.edu.uy\/sitioweb\/wp-json\/wp\/v2\/posts"}],"about":[{"href":"https:\/\/ecu.edu.uy\/sitioweb\/wp-json\/wp\/v2\/types\/post"}],"author":[{"embeddable":true,"href":"https:\/\/ecu.edu.uy\/sitioweb\/wp-json\/wp\/v2\/users\/2"}],"replies":[{"embeddable":true,"href":"https:\/\/ecu.edu.uy\/sitioweb\/wp-json\/wp\/v2\/comments?post=9254"}],"version-history":[{"count":3,"href":"https:\/\/ecu.edu.uy\/sitioweb\/wp-json\/wp\/v2\/posts\/9254\/revisions"}],"predecessor-version":[{"id":9266,"href":"https:\/\/ecu.edu.uy\/sitioweb\/wp-json\/wp\/v2\/posts\/9254\/revisions\/9266"}],"wp:attachment":[{"href":"https:\/\/ecu.edu.uy\/sitioweb\/wp-json\/wp\/v2\/media?parent=9254"}],"wp:term":[{"taxonomy":"category","embeddable":true,"href":"https:\/\/ecu.edu.uy\/sitioweb\/wp-json\/wp\/v2\/categories?post=9254"},{"taxonomy":"post_tag","embeddable":true,"href":"https:\/\/ecu.edu.uy\/sitioweb\/wp-json\/wp\/v2\/tags?post=9254"}],"curies":[{"name":"wp","href":"https:\/\/api.w.org\/{rel}","templated":true}]}}