{"id":9258,"date":"2024-08-07T22:24:08","date_gmt":"2024-08-08T01:24:08","guid":{"rendered":"https:\/\/ecu.edu.uy\/sitioweb\/?p=9258"},"modified":"2024-08-08T15:38:03","modified_gmt":"2024-08-08T18:38:03","slug":"master-class-alejo-moguillansky","status":"publish","type":"post","link":"https:\/\/ecu.edu.uy\/sitioweb\/master-class-alejo-moguillansky\/","title":{"rendered":"Master Class: Alejo Moguillansky"},"content":{"rendered":"<p><strong>Mi\u00e9rcoles 14\/8 \u2013 15:00 hs (Cinemateca)<\/strong><\/p>\n<p><strong>Moderadora: Soledad Castro<\/strong><\/p>\n<p>El director, productor, guionista y montajista argentino, co-fundador de El Pampero Cine, compartir\u00e1 su experiencia en la construcci\u00f3n de relatos y universos cinematogr\u00e1ficos, particularmente desde el montaje.<\/p>\n<p><img loading=\"lazy\" class=\" wp-image-9259 alignleft\" src=\"https:\/\/ecu.edu.uy\/wp-content\/uploads\/2024\/08\/3-Alejo.png\" alt=\"\" width=\"299\" height=\"299\" srcset=\"https:\/\/ecu.edu.uy\/wp-content\/uploads\/2024\/08\/3-Alejo.png 1206w, https:\/\/ecu.edu.uy\/wp-content\/uploads\/2024\/08\/3-Alejo-300x300.png 300w, https:\/\/ecu.edu.uy\/wp-content\/uploads\/2024\/08\/3-Alejo-1024x1024.png 1024w, https:\/\/ecu.edu.uy\/wp-content\/uploads\/2024\/08\/3-Alejo-150x150.png 150w, https:\/\/ecu.edu.uy\/wp-content\/uploads\/2024\/08\/3-Alejo-768x768.png 768w, https:\/\/ecu.edu.uy\/wp-content\/uploads\/2024\/08\/3-Alejo-400x400.png 400w\" sizes=\"(max-width: 299px) 100vw, 299px\" \/>Los films de <strong>Alejo Moguillansky<\/strong> han sido estrenados en Cannes, Berl\u00edn, Locarno, Viennale, entre otros festivales, y fueron foco de retrospectivas en todo el mundo. En BAFICI gan\u00f3 en cuatro ocasiones el premio a Mejor Pel\u00edcula Argentina. Mont\u00f3 pel\u00edculas de Hugo Santiago, Mariano Llin\u00e1s, Laura Citarella, Mat\u00edas Pi\u00f1eiro, Santiago Mitre, Albertina Carri, Rafael Filippelli.<\/p>\n<p>Desde hace quince a\u00f1os trabaja en colaboraci\u00f3n con Luciana Acu\u00f1a, y Grupo Krapp, en pel\u00edculas y obras esc\u00e9nicas.\u00a0 Es Profesor en la Universidad del Cine y tutor en el Taller de Cine de la Universidad Di Tella. Es miembro del Comit\u00e9 de Redacci\u00f3n de Revista de Cine. Es director de programaci\u00f3n de VECINE.<\/p>\n<p>Fund\u00f3 junto a Mariano Llin\u00e1s, Laura Citarella y Agust\u00edn Mendilaharzu El Pampero Cine, organizaci\u00f3n responsable de numerosos films en sus dos d\u00e9cadas de vida. Algunos de ellos son: Historias Extraordinarias (Mariano Llin\u00e1s, 2008), Castro (Alejo Moguillansky, 2009), Ostende (Laura Citarella, 2011), La Mujer de los Perros (Laura Citarella \/ Ver\u00f3nica Llin\u00e1s, 2015), La Flor (Mariano Llin\u00e1s, 2018), Un d\u00eda de caza (Alejo Moguillansky, 2020), Trenque Lauquen (Laura Citarella, 2022), Clorindo Testa (Mariano Llin\u00e1s, 2022), Un Andantino (Alejo Moguillansky, 2023).<\/p>\n<p><strong>Soledad Castro: <\/strong>Egresada de la Escuela de Cine del Uruguay (ECU, Generaci\u00f3n 2008), se especializ\u00f3 en direcci\u00f3n y montaje. Estudi\u00f3 la Especializaci\u00f3n en Montaje I y II en el SICA (Sindicato de la Industria Cinematogr\u00e1fica Argentina). Fue montajista de la pel\u00edcula Retrato de un comportamiento animal, de Gonzalo Lugo y Florencia Colucci (estreno 2015) y de la pel\u00edcula \u00d3pera Prima, de Marcos Banina (estreno 2018). Dirigi\u00f3 y mont\u00f3 el documental Falta y Resto 30 a\u00f1os, la leyenda, y la serie de televisi\u00f3n de cuatro cap\u00edtulos Cero Drama, proyectada por Canal Encuentro de Argentina. Dirigi\u00f3 el largometraje documental Una de nosotras, estrenado en 2021.<\/p>\n<p>&nbsp;<\/p>\n","protected":false},"excerpt":{"rendered":"<p>Mi&eacute;rcoles 14\/8 &ndash; 15:00 hs (Cinemateca) Moderadora: Soledad Castro El director, productor, guionista y montajista argentino, co-fundador de El Pampero Cine, compartir&aacute; su experiencia en la construcci&oacute;n de relatos y universos cinematogr&aacute;ficos, particularmente desde el montaje. Los films de Alejo Moguillansky han sido estrenados en Cannes, Berl&iacute;n, Locarno, Viennale, entre otros festivales, y fueron foco&#8230; <\/p>\n<div class=\"clear\"><\/div>\n<p><a href=\"https:\/\/ecu.edu.uy\/sitioweb\/master-class-alejo-moguillansky\/\" class=\"gdlr-button with-border excerpt-read-more\">Leer mas<\/a><\/p>\n","protected":false},"author":2,"featured_media":0,"comment_status":"open","ping_status":"open","sticky":false,"template":"","format":"standard","meta":[],"categories":[1],"tags":[],"_links":{"self":[{"href":"https:\/\/ecu.edu.uy\/sitioweb\/wp-json\/wp\/v2\/posts\/9258"}],"collection":[{"href":"https:\/\/ecu.edu.uy\/sitioweb\/wp-json\/wp\/v2\/posts"}],"about":[{"href":"https:\/\/ecu.edu.uy\/sitioweb\/wp-json\/wp\/v2\/types\/post"}],"author":[{"embeddable":true,"href":"https:\/\/ecu.edu.uy\/sitioweb\/wp-json\/wp\/v2\/users\/2"}],"replies":[{"embeddable":true,"href":"https:\/\/ecu.edu.uy\/sitioweb\/wp-json\/wp\/v2\/comments?post=9258"}],"version-history":[{"count":3,"href":"https:\/\/ecu.edu.uy\/sitioweb\/wp-json\/wp\/v2\/posts\/9258\/revisions"}],"predecessor-version":[{"id":9268,"href":"https:\/\/ecu.edu.uy\/sitioweb\/wp-json\/wp\/v2\/posts\/9258\/revisions\/9268"}],"wp:attachment":[{"href":"https:\/\/ecu.edu.uy\/sitioweb\/wp-json\/wp\/v2\/media?parent=9258"}],"wp:term":[{"taxonomy":"category","embeddable":true,"href":"https:\/\/ecu.edu.uy\/sitioweb\/wp-json\/wp\/v2\/categories?post=9258"},{"taxonomy":"post_tag","embeddable":true,"href":"https:\/\/ecu.edu.uy\/sitioweb\/wp-json\/wp\/v2\/tags?post=9258"}],"curies":[{"name":"wp","href":"https:\/\/api.w.org\/{rel}","templated":true}]}}