{"id":9262,"date":"2024-08-07T22:26:15","date_gmt":"2024-08-08T01:26:15","guid":{"rendered":"https:\/\/ecu.edu.uy\/sitioweb\/?p=9262"},"modified":"2024-08-08T15:29:01","modified_gmt":"2024-08-08T18:29:01","slug":"master-class-mariana-levy","status":"publish","type":"post","link":"https:\/\/ecu.edu.uy\/sitioweb\/master-class-mariana-levy\/","title":{"rendered":"Master Class: Mariana Levy"},"content":{"rendered":"<p><strong>Jueves 15\/8 \u2013 15:00 hs. (Cinemateca)<\/strong><\/p>\n<p><img loading=\"lazy\" class=\" wp-image-9263 alignleft\" src=\"https:\/\/ecu.edu.uy\/wp-content\/uploads\/2024\/08\/4-Mariana.png\" alt=\"\" width=\"237\" height=\"237\" srcset=\"https:\/\/ecu.edu.uy\/wp-content\/uploads\/2024\/08\/4-Mariana.png 1200w, https:\/\/ecu.edu.uy\/wp-content\/uploads\/2024\/08\/4-Mariana-300x300.png 300w, https:\/\/ecu.edu.uy\/wp-content\/uploads\/2024\/08\/4-Mariana-1024x1024.png 1024w, https:\/\/ecu.edu.uy\/wp-content\/uploads\/2024\/08\/4-Mariana-150x150.png 150w, https:\/\/ecu.edu.uy\/wp-content\/uploads\/2024\/08\/4-Mariana-768x768.png 768w, https:\/\/ecu.edu.uy\/wp-content\/uploads\/2024\/08\/4-Mariana-400x400.png 400w\" sizes=\"(max-width: 237px) 100vw, 237px\" \/><\/p>\n<p>Mariana ofrecer\u00e1 un panorama actual de la industria audiovisual en Latinoam\u00e9rica en torno al formato series: viejos y nuevos actores; concentraci\u00f3n de compradores y pantallas; de d\u00f3nde venimos y hacia d\u00f3nde vamos con respecto al modo en el que producimos y consumimos\u00a0contenido. Tambi\u00e9n compartir\u00e1 algunos tips para escribir y vender un proyecto de serie desde Uruguay.<\/p>\n<p><strong>Mariana Levy<\/strong> es guionista, dramaturga, directora de teatro, actriz y docente. Fue head writer y productora de las temporadas 1 y 2 de la serie El presidente de Amazon Prime, por la cual fue nominada al EMMY. Y head writer de la serie Menem de pr\u00f3ximo estreno en la misma plataforma. Fue co-guionista de Isla Brava para la plataforma Vix. Sus obras de teatro se han estrenado en Argentina, Chile y Estados Unidos. Guiona y conduce el podcast #LaPodcast sobre series de TV y teor\u00eda de g\u00e9nero. Y los podcasts Lo que mata son los Cordyceps y Lo que mata es la familia sobre guion y videojuegos. Ha dictado cursos de guion en diferentes Universidades y escuelas de cine de Argentina y Latinoam\u00e9rica. Actualmente desarrolla proyectos de series para diferentes plataformas internacionales y se encuentra escribiendo una serie junto a Dami\u00e1n Szifr\u00f3n.<\/p>\n","protected":false},"excerpt":{"rendered":"<p>Jueves 15\/8 &ndash; 15:00 hs. (Cinemateca) Mariana ofrecer&aacute; un panorama actual de la industria audiovisual en Latinoam&eacute;rica en torno al formato series: viejos y nuevos actores; concentraci&oacute;n de compradores y pantallas; de d&oacute;nde venimos y hacia d&oacute;nde vamos con respecto al modo en el que producimos y consumimos&nbsp;contenido. Tambi&eacute;n compartir&aacute; algunos tips para escribir y&#8230; <\/p>\n<div class=\"clear\"><\/div>\n<p><a href=\"https:\/\/ecu.edu.uy\/sitioweb\/master-class-mariana-levy\/\" class=\"gdlr-button with-border excerpt-read-more\">Leer mas<\/a><\/p>\n","protected":false},"author":2,"featured_media":0,"comment_status":"open","ping_status":"open","sticky":false,"template":"","format":"standard","meta":[],"categories":[1],"tags":[],"_links":{"self":[{"href":"https:\/\/ecu.edu.uy\/sitioweb\/wp-json\/wp\/v2\/posts\/9262"}],"collection":[{"href":"https:\/\/ecu.edu.uy\/sitioweb\/wp-json\/wp\/v2\/posts"}],"about":[{"href":"https:\/\/ecu.edu.uy\/sitioweb\/wp-json\/wp\/v2\/types\/post"}],"author":[{"embeddable":true,"href":"https:\/\/ecu.edu.uy\/sitioweb\/wp-json\/wp\/v2\/users\/2"}],"replies":[{"embeddable":true,"href":"https:\/\/ecu.edu.uy\/sitioweb\/wp-json\/wp\/v2\/comments?post=9262"}],"version-history":[{"count":2,"href":"https:\/\/ecu.edu.uy\/sitioweb\/wp-json\/wp\/v2\/posts\/9262\/revisions"}],"predecessor-version":[{"id":9267,"href":"https:\/\/ecu.edu.uy\/sitioweb\/wp-json\/wp\/v2\/posts\/9262\/revisions\/9267"}],"wp:attachment":[{"href":"https:\/\/ecu.edu.uy\/sitioweb\/wp-json\/wp\/v2\/media?parent=9262"}],"wp:term":[{"taxonomy":"category","embeddable":true,"href":"https:\/\/ecu.edu.uy\/sitioweb\/wp-json\/wp\/v2\/categories?post=9262"},{"taxonomy":"post_tag","embeddable":true,"href":"https:\/\/ecu.edu.uy\/sitioweb\/wp-json\/wp\/v2\/tags?post=9262"}],"curies":[{"name":"wp","href":"https:\/\/api.w.org\/{rel}","templated":true}]}}