{"id":9481,"date":"2025-05-19T17:32:23","date_gmt":"2025-05-19T20:32:23","guid":{"rendered":"https:\/\/ecu.edu.uy\/sitioweb\/?p=9481"},"modified":"2025-05-21T18:51:39","modified_gmt":"2025-05-21T21:51:39","slug":"convocatoria-al-25-festival-internacional-de-escuelas-de-cine","status":"publish","type":"post","link":"https:\/\/ecu.edu.uy\/sitioweb\/convocatoria-al-25-festival-internacional-de-escuelas-de-cine\/","title":{"rendered":"Convocatoria al 25 Festival Internacional de Escuelas de Cine"},"content":{"rendered":"<p>La <strong>Escuela de Cine del Uruguay (ECU)<\/strong> y <strong>Cinemateca Uruguaya<\/strong> convocan al <strong>25 Festival Internacional de Escuelas de Cine<\/strong>, a realizarse en Montevideo del 12 al 15 de agosto de 2025, en el marco de los 30 a\u00f1os de la ECU.<\/p>\n<p>La participaci\u00f3n de cortos internacionales cerr\u00f3 el 25 de abril con m\u00e1s de 500 inscripciones de todo el mundo. La convocatoria sigue abierta a cortometrajes uruguayos de hasta 30 minutos de duraci\u00f3n, de ficci\u00f3n, no ficci\u00f3n y\/o animaci\u00f3n, realizados por estudiantes de instituciones de formaci\u00f3n audiovisual de nivel terciario (formaci\u00f3n profesional) tanto p\u00fablicas como privadas, y que hayan sido finalizados a partir del 1\u00ba de enero de 2024. La inscripci\u00f3n se realiza exclusivamente a trav\u00e9s de la plataforma <a href=\"https:\/\/filmfreeway.com\/FIEC-Uruguay\" target=\"_blank\" rel=\"noopener\"><strong>FilmFreeway<\/strong><\/a>, registr\u00e1ndose y completando la inscripci\u00f3n online gratuitamente <strong>hasta el lunes 30 de junio<\/strong>.<\/p>\n<p>El Festival Internacional de Escuelas de Cine (FIEC), organizado anualmente desde el a\u00f1o 2000, es el \u00fanico espacio en Uruguay dedicado exclusivamente a la exhibici\u00f3n de trabajos de centros de formaci\u00f3n profesional audiovisual a nivel nacional, regional e internacional. En estos 24 a\u00f1os, el FIEC ha reunido trabajos de m\u00e1s de 150 escuelas de cine de todo el mundo, incorporando en cada edici\u00f3n nuevas instituciones y pa\u00edses. En 2024 se inscribieron m\u00e1s de 2.400 cortos provenientes de unos 100 pa\u00edses.<\/p>\n<p>Su misi\u00f3n es, en primer lugar, permitir el acceso del p\u00fablico (con entrada libre) a ese tipo de producci\u00f3n no comercial que habitualmente no tiene difusi\u00f3n m\u00e1s all\u00e1 del \u00e1mbito acad\u00e9mico. En segundo lugar, mantener un v\u00ednculo directo con otros centros de formaci\u00f3n del pa\u00eds y del exterior a trav\u00e9s de la difusi\u00f3n de sus mejores trabajos, fomentando el intercambio de diferentes experiencias en formaci\u00f3n y producci\u00f3n audiovisual, tanto entre estudiantes como entre docentes, profesionales y el p\u00fablico.<\/p>\n<p>La convocatoria para recibir trabajos se realiza a trav\u00e9s de las escuelas miembro de CILECT (la Asociaci\u00f3n Internacional de Escuelas de Cine y Televisi\u00f3n) y de FEISAL (Federaci\u00f3n de Escuelas de la Imagen y el Sonido de Am\u00e9rica Latina), aunque tambi\u00e9n est\u00e1 abierta a otras instituciones que no sean miembro.<\/p>\n<p>El FIEC realiza todos los a\u00f1os una cuidada selecci\u00f3n, a partir de una preselecci\u00f3n de trabajos llevada a cabo por estudiantes de la propia escuela. Durante cuatro jornadas en el mes de agosto, esa selecci\u00f3n de cortometrajes estudiantiles se exhibe con entrada libre, presentada por sus realizadores. Dos jurados independientes eligen los mejores trabajos en cada categor\u00eda, incluyendo el mejor corto nacional: un <strong>Jurado Profesional<\/strong>, integrado por cineastas, acad\u00e9micos y\/o docentes de Uruguay y del exterior, y un <strong>Jurado Estudiantil<\/strong>, integrado por representantes de tres instituciones locales de formaci\u00f3n audiovisual tanto p\u00fablicas como privadas.<\/p>\n<p>Paralelamente se llevan a cabo encuentros, mesas redondas y conferencias a cargo de realizadores, productores, acad\u00e9micos y profesionales de la industria, tanto locales como extranjeros, dirigidas a estudiantes y egresados de todos los centros de formaci\u00f3n audiovisual del pa\u00eds, y abiertas al p\u00fablico en general.<\/p>\n<p>Las funciones ser\u00e1n en Cinemateca y en Sala Zitarrosa, con posteriores exhibiciones alternativas en centros culturales del interior del pa\u00eds. Todas las actividades del FIEC son con entrada libre.<\/p>\n<p><strong><a href=\"https:\/\/filmfreeway.com\/FIEC-Uruguay\" target=\"_blank\" rel=\"noopener\">M\u00e1s informaci\u00f3n<\/a> sobre el festival, bases de participaci\u00f3n e inscripciones <\/strong><\/p>\n<p><strong><a href=\"http:\/\/www.ecu.edu.uy\/sitioweb\/festival\/\">Anteriores ediciones del festival<\/a><\/strong><\/p>\n<p>Por m\u00e1s informaci\u00f3n: <a href=\"mailto:festival@ecu.edu.uy\">festival@ecu.edu.uy<\/a><\/p>\n","protected":false},"excerpt":{"rendered":"<p>La Escuela de Cine del Uruguay (ECU) y Cinemateca Uruguaya convocan al 25 Festival Internacional de Escuelas de Cine, a realizarse en Montevideo del 12 al 15 de agosto de 2025, en el marco de los 30 a&ntilde;os de la ECU. La participaci&oacute;n de cortos internacionales cerr&oacute; el 25 de abril con m&aacute;s de 500&#8230; <\/p>\n<div class=\"clear\"><\/div>\n<p><a href=\"https:\/\/ecu.edu.uy\/sitioweb\/convocatoria-al-25-festival-internacional-de-escuelas-de-cine\/\" class=\"gdlr-button with-border excerpt-read-more\">Leer mas<\/a><\/p>\n","protected":false},"author":2,"featured_media":9482,"comment_status":"open","ping_status":"open","sticky":false,"template":"","format":"standard","meta":[],"categories":[82,80],"tags":[],"_links":{"self":[{"href":"https:\/\/ecu.edu.uy\/sitioweb\/wp-json\/wp\/v2\/posts\/9481"}],"collection":[{"href":"https:\/\/ecu.edu.uy\/sitioweb\/wp-json\/wp\/v2\/posts"}],"about":[{"href":"https:\/\/ecu.edu.uy\/sitioweb\/wp-json\/wp\/v2\/types\/post"}],"author":[{"embeddable":true,"href":"https:\/\/ecu.edu.uy\/sitioweb\/wp-json\/wp\/v2\/users\/2"}],"replies":[{"embeddable":true,"href":"https:\/\/ecu.edu.uy\/sitioweb\/wp-json\/wp\/v2\/comments?post=9481"}],"version-history":[{"count":5,"href":"https:\/\/ecu.edu.uy\/sitioweb\/wp-json\/wp\/v2\/posts\/9481\/revisions"}],"predecessor-version":[{"id":9555,"href":"https:\/\/ecu.edu.uy\/sitioweb\/wp-json\/wp\/v2\/posts\/9481\/revisions\/9555"}],"wp:featuredmedia":[{"embeddable":true,"href":"https:\/\/ecu.edu.uy\/sitioweb\/wp-json\/wp\/v2\/media\/9482"}],"wp:attachment":[{"href":"https:\/\/ecu.edu.uy\/sitioweb\/wp-json\/wp\/v2\/media?parent=9481"}],"wp:term":[{"taxonomy":"category","embeddable":true,"href":"https:\/\/ecu.edu.uy\/sitioweb\/wp-json\/wp\/v2\/categories?post=9481"},{"taxonomy":"post_tag","embeddable":true,"href":"https:\/\/ecu.edu.uy\/sitioweb\/wp-json\/wp\/v2\/tags?post=9481"}],"curies":[{"name":"wp","href":"https:\/\/api.w.org\/{rel}","templated":true}]}}