{"id":9587,"date":"2025-08-08T22:56:20","date_gmt":"2025-08-09T01:56:20","guid":{"rendered":"https:\/\/ecu.edu.uy\/sitioweb\/?p=9587"},"modified":"2025-08-08T22:58:08","modified_gmt":"2025-08-09T01:58:08","slug":"25-fiec-jurado-estudiantil-students-jury","status":"publish","type":"post","link":"https:\/\/ecu.edu.uy\/sitioweb\/25-fiec-jurado-estudiantil-students-jury\/","title":{"rendered":"25 FIEC &#8211; Jurado Estudiantil \/ Students Jury"},"content":{"rendered":"<p><strong><img loading=\"lazy\" class=\"wp-image-9588 alignleft\" src=\"https:\/\/ecu.edu.uy\/wp-content\/uploads\/2025\/08\/EstudianteFeed1.png\" alt=\"\" width=\"213\" height=\"266\" srcset=\"https:\/\/ecu.edu.uy\/wp-content\/uploads\/2025\/08\/EstudianteFeed1.png 1080w, https:\/\/ecu.edu.uy\/wp-content\/uploads\/2025\/08\/EstudianteFeed1-240x300.png 240w, https:\/\/ecu.edu.uy\/wp-content\/uploads\/2025\/08\/EstudianteFeed1-819x1024.png 819w, https:\/\/ecu.edu.uy\/wp-content\/uploads\/2025\/08\/EstudianteFeed1-768x960.png 768w, https:\/\/ecu.edu.uy\/wp-content\/uploads\/2025\/08\/EstudianteFeed1-440x550.png 440w\" sizes=\"(max-width: 213px) 100vw, 213px\" \/>Antonella La Rocca (Escuela de Cine del Uruguay)<\/strong><\/p>\n<p>Naci\u00f3 en Montevideo en 2005. Es estudiante de la ECU y ha participado en proyectos de realizaci\u00f3n audiovisual, incluyendo un fashion-film ganador del concurso Redise\u00f1a(2025). Se interesa especialmente por la direcci\u00f3n, la escritura y la direcci\u00f3n de arte sobre todo en cuanto a la composici\u00f3n de est\u00e9ticas e im\u00e1genes.<\/p>\n<p><em>Born in Montevideo in 2005, she is a student at ECU and has participated in audiovisual production projects, including a fashion film that won the Redise\u00f1a competition (2025). She is particularly interested in directing, writing, and art direction, especially in terms of the composition of aesthetics and images.<\/em><\/p>\n<p>&nbsp;<\/p>\n<p>&nbsp;<\/p>\n<p><strong><img loading=\"lazy\" class=\"wp-image-9589 alignleft\" src=\"https:\/\/ecu.edu.uy\/wp-content\/uploads\/2025\/08\/EstudianteFeed2.png\" alt=\"\" width=\"211\" height=\"264\" srcset=\"https:\/\/ecu.edu.uy\/wp-content\/uploads\/2025\/08\/EstudianteFeed2.png 1080w, https:\/\/ecu.edu.uy\/wp-content\/uploads\/2025\/08\/EstudianteFeed2-240x300.png 240w, https:\/\/ecu.edu.uy\/wp-content\/uploads\/2025\/08\/EstudianteFeed2-819x1024.png 819w, https:\/\/ecu.edu.uy\/wp-content\/uploads\/2025\/08\/EstudianteFeed2-768x960.png 768w, https:\/\/ecu.edu.uy\/wp-content\/uploads\/2025\/08\/EstudianteFeed2-440x550.png 440w\" sizes=\"(max-width: 211px) 100vw, 211px\" \/>Fernando Bottari (Universidad Cat\u00f3lica del Uruguay)<\/strong><\/p>\n<p>Fernando Bottari es estudiante de la Licenciatura en Cine en la Universidad Cat\u00f3lica del Uruguay, actualmente cursando el segundo a\u00f1o de la carrera. Es beneficiario de la beca DAL y durante su formaci\u00f3n ha estado involucrado en diversos proyectos universitarios, entre ellos la direcci\u00f3n del cortometraje Alienados y la captura de sonido en el cortometraje Frostbite. Fue part\u00edcipe de grupos de investigaci\u00f3n y desarrollo de largometrajes de ficci\u00f3n y documental, entre ellos Small Town, Estokolmo y Tesoros del Mar. En 2024 su guion original de cortometraje de ficci\u00f3n fue preseleccionado para participar de la convocatoria del Brussels International Fantasy Film Festival.<\/p>\n<p><em>Fernando Bottari is a Bachelor of Film student at the Catholic University of Uruguay, currently in his second year. He is a recipient of the DAL scholarship and has been involved in various university projects throughout his studies, including directing the short film Alienados and sound recording in the short film Frostbite. He participated in research and development groups for feature-length fiction and documentary films, including Small Town, Estokolmo, and Tesoros del Mar. In 2024, his original short fiction script was shortlisted for the Brussels International Fantasy Film Festival submissions.<\/em><\/p>\n<p><strong>Joaqu\u00edn Duschatzky (Universidad de Buenos Aires)<\/strong><\/p>\n<p><img loading=\"lazy\" class=\"wp-image-9590 alignleft\" src=\"https:\/\/ecu.edu.uy\/wp-content\/uploads\/2025\/08\/EstudianteFeed3.png\" alt=\"\" width=\"206\" height=\"258\" srcset=\"https:\/\/ecu.edu.uy\/wp-content\/uploads\/2025\/08\/EstudianteFeed3.png 1080w, https:\/\/ecu.edu.uy\/wp-content\/uploads\/2025\/08\/EstudianteFeed3-240x300.png 240w, https:\/\/ecu.edu.uy\/wp-content\/uploads\/2025\/08\/EstudianteFeed3-819x1024.png 819w, https:\/\/ecu.edu.uy\/wp-content\/uploads\/2025\/08\/EstudianteFeed3-768x960.png 768w, https:\/\/ecu.edu.uy\/wp-content\/uploads\/2025\/08\/EstudianteFeed3-440x550.png 440w\" sizes=\"(max-width: 206px) 100vw, 206px\" \/>Joaqu\u00edn Duschatzky naci\u00f3 en 2002, en la Ciudad Aut\u00f3noma de Buenos Aires. Egresado en el a\u00f1o 2020 del Colegio Superior de Comercio Carlos Pellegrini, elige seguir siendo estudiante de la Universidad de Buenos Aires en la carrera de Dise\u00f1o de Imagen y Sonido, en la FADU. \u00a0All\u00ed forma parte del programa UBAINT, donde fue seleccionado y becado para estudiar un semestre en Europa en la Universidad Carlos 3ero de Madrid. Tambi\u00e9n dirige, escribe y act\u00faa su primer cortometraje, \u201cQuiricocho\u201d, que, entre otras distinciones, fue ganador de una menci\u00f3n de honor en el FIC.UBA y proyectado en el cine Gaumont como parte del \u201cEnerc se proyecta\u201d, donde form\u00f3 parte de la selecci\u00f3n oficial junto a \u201cPelopincho\u201d, cortometraje donde fue co escritor y asistente de direcci\u00f3n. \u201cPelopincho\u201d a su vez, particip\u00f3 en el BAFICI 2025, formando parte de la selecci\u00f3n oficial.<\/p>\n<p><em>Joaqu\u00edn Duschatzky was born in 2002 in the Autonomous City of Buenos Aires. A 2020 graduate of the Carlos Pellegrini College of Commerce, he chose to continue his studies at the University of Buenos Aires, majoring in Image and Sound Design at the FADU. There, he participated in the UBAINT program, where he was selected and awarded a scholarship to study a semester in Europe at the Carlos III University in Madrid. He also directed, wrote, and acted in his first short film, &#8220;Quiricocho,&#8221; which, among other awards, received an honorable mention at FIC.UBA and was screened at the Gaumont cinema as part of &#8220;Enerc se proyecta&#8221;, where it was part of the official selection alongside &#8220;Pelopincho,&#8221; a short film he co-wrote and assistant directed. &#8220;Pelopincho&#8221; also participated in BAFICI 2025 as part of the official selection.<\/em><\/p>\n<p>&nbsp;<\/p>\n","protected":false},"excerpt":{"rendered":"<p>Antonella La Rocca (Escuela de Cine del Uruguay) Naci&oacute; en Montevideo en 2005. Es estudiante de la ECU y ha participado en proyectos de realizaci&oacute;n audiovisual, incluyendo un fashion-film ganador del concurso Redise&ntilde;a(2025). Se interesa especialmente por la direcci&oacute;n, la escritura y la direcci&oacute;n de arte sobre todo en cuanto a la composici&oacute;n de est&eacute;ticas&#8230; <\/p>\n<div class=\"clear\"><\/div>\n<p><a href=\"https:\/\/ecu.edu.uy\/sitioweb\/25-fiec-jurado-estudiantil-students-jury\/\" class=\"gdlr-button with-border excerpt-read-more\">Leer mas<\/a><\/p>\n","protected":false},"author":2,"featured_media":0,"comment_status":"open","ping_status":"open","sticky":false,"template":"","format":"standard","meta":[],"categories":[1],"tags":[],"_links":{"self":[{"href":"https:\/\/ecu.edu.uy\/sitioweb\/wp-json\/wp\/v2\/posts\/9587"}],"collection":[{"href":"https:\/\/ecu.edu.uy\/sitioweb\/wp-json\/wp\/v2\/posts"}],"about":[{"href":"https:\/\/ecu.edu.uy\/sitioweb\/wp-json\/wp\/v2\/types\/post"}],"author":[{"embeddable":true,"href":"https:\/\/ecu.edu.uy\/sitioweb\/wp-json\/wp\/v2\/users\/2"}],"replies":[{"embeddable":true,"href":"https:\/\/ecu.edu.uy\/sitioweb\/wp-json\/wp\/v2\/comments?post=9587"}],"version-history":[{"count":3,"href":"https:\/\/ecu.edu.uy\/sitioweb\/wp-json\/wp\/v2\/posts\/9587\/revisions"}],"predecessor-version":[{"id":9593,"href":"https:\/\/ecu.edu.uy\/sitioweb\/wp-json\/wp\/v2\/posts\/9587\/revisions\/9593"}],"wp:attachment":[{"href":"https:\/\/ecu.edu.uy\/sitioweb\/wp-json\/wp\/v2\/media?parent=9587"}],"wp:term":[{"taxonomy":"category","embeddable":true,"href":"https:\/\/ecu.edu.uy\/sitioweb\/wp-json\/wp\/v2\/categories?post=9587"},{"taxonomy":"post_tag","embeddable":true,"href":"https:\/\/ecu.edu.uy\/sitioweb\/wp-json\/wp\/v2\/tags?post=9587"}],"curies":[{"name":"wp","href":"https:\/\/api.w.org\/{rel}","templated":true}]}}