{"id":9594,"date":"2025-08-09T16:57:58","date_gmt":"2025-08-09T19:57:58","guid":{"rendered":"https:\/\/ecu.edu.uy\/sitioweb\/?p=9594"},"modified":"2025-08-09T16:57:58","modified_gmt":"2025-08-09T19:57:58","slug":"25-fiec-actividades-paralelas-parallel-activities","status":"publish","type":"post","link":"https:\/\/ecu.edu.uy\/sitioweb\/25-fiec-actividades-paralelas-parallel-activities\/","title":{"rendered":"25 FIEC &#8211; Actividades paralelas \/ Parallel activities"},"content":{"rendered":"<p>Como es tradicional, y antes de las exhibiciones de cortos a concurso, el Festival ofrecer\u00e1 actividades paralelas dirigidas a estudiantes de cine y audiovisual de todo el pa\u00eds, egresados recientes de los diferentes centros de formaci\u00f3n, profesionales y trabajadores del sector, y por supuesto a todo p\u00fablico interesado. Este a\u00f1o contaremos con tres instancias que vincular\u00e1n a cineastas de distintas profesiones y experiencias en torno a diferentes tem\u00e1ticas y abordajes de la creaci\u00f3n y producci\u00f3n audiovisual.<\/p>\n<p><em>As is traditional, and prior to the screenings of the short films in competition, the Festival will offer parallel activities aimed at film and audiovisual students from across the country, recent graduates from various training centers, professionals and workers in the sector, and, of course, all interested members of the public. This year, we will have three events that will bring together filmmakers from different professions and backgrounds around different themes and approaches to audiovisual creation and production.<\/em><\/p>\n<p><strong>1) Master Class: <\/strong><strong>Agustina Comedi y Leandro Listorti<\/strong><\/p>\n<p><strong>Martes 12\/8 \u2013 17:00 hs &#8211; Cinemateca<\/strong><\/p>\n<p>Los realizadores argentinos <strong>Agustina Comedi<\/strong> y <strong>Leandro Listorti<\/strong> dialogar\u00e1n entre s\u00ed y con el p\u00fablico sobre su experiencia a partir del trabajo con material de archivo. La conversaci\u00f3n contar\u00e1 con la realizadora y docente <strong>Soledad Castro<\/strong> (egresada ECU Gen. 2008) como moderadora.<\/p>\n<p><em>Argentine filmmakers Agustina Comedi and Leandro Listorti will discuss their experiences working with archival material with each other and the audience. The conversation will be moderated by filmmaker and professor Soledad Castro (ECU graduate, Gen. 2008).<\/em><\/p>\n<p><strong><img loading=\"lazy\" class=\" wp-image-9595 alignleft\" src=\"https:\/\/ecu.edu.uy\/wp-content\/uploads\/2025\/08\/Martes2.png\" alt=\"\" width=\"215\" height=\"269\" srcset=\"https:\/\/ecu.edu.uy\/wp-content\/uploads\/2025\/08\/Martes2.png 1081w, https:\/\/ecu.edu.uy\/wp-content\/uploads\/2025\/08\/Martes2-240x300.png 240w, https:\/\/ecu.edu.uy\/wp-content\/uploads\/2025\/08\/Martes2-819x1024.png 819w, https:\/\/ecu.edu.uy\/wp-content\/uploads\/2025\/08\/Martes2-768x960.png 768w, https:\/\/ecu.edu.uy\/wp-content\/uploads\/2025\/08\/Martes2-440x550.png 440w\" sizes=\"(max-width: 215px) 100vw, 215px\" \/>Agustina Comedi<\/strong> estudi\u00f3 Literatura, y en 2017 estren\u00f3 su \u00f3pera prima, \u201cEl silencio es un cuerpo que cae\u201d, en IDFA. En 2019 escribi\u00f3 y dirigi\u00f3 \u201cPlayback. Ensayo de una despedida\u201d, Mejor Cortometraje Nacional en el Festival de Cine de Mar del Plata y ganador del Teddy Award en Berlinale Short Films Competition (2020). Agustina investiga los v\u00ednculos entre archivo, memoria y fabulaci\u00f3n. Actualmente trabaja en su segundo y tercer largometraje.<\/p>\n<p><strong><em>Agustina Comedi<\/em><\/strong><em> studied Literature and premiered her debut feature film, &#8220;Silence is a Falling Body,&#8221; at IDFA in 2017. In 2019, she wrote and directed &#8220;Playback. Rehearsal for a Farewell,&#8221; Best National Short Film at the Mar del Plata Film Festival and winner of the Teddy Award at the Berlinale Short Films Competition (2020). Agustina explores the links between archives, memory, and fabulation. She is currently working on her second and third feature films.<\/em><\/p>\n<p>&nbsp;<\/p>\n<p><strong><img loading=\"lazy\" class=\"wp-image-9596 alignleft\" src=\"https:\/\/ecu.edu.uy\/wp-content\/uploads\/2025\/08\/Martes3.png\" alt=\"\" width=\"213\" height=\"266\" srcset=\"https:\/\/ecu.edu.uy\/wp-content\/uploads\/2025\/08\/Martes3.png 1081w, https:\/\/ecu.edu.uy\/wp-content\/uploads\/2025\/08\/Martes3-240x300.png 240w, https:\/\/ecu.edu.uy\/wp-content\/uploads\/2025\/08\/Martes3-819x1024.png 819w, https:\/\/ecu.edu.uy\/wp-content\/uploads\/2025\/08\/Martes3-768x960.png 768w, https:\/\/ecu.edu.uy\/wp-content\/uploads\/2025\/08\/Martes3-440x550.png 440w\" sizes=\"(max-width: 213px) 100vw, 213px\" \/>Leandro Listorti <\/strong>es artista, cineasta, productor, programador y archivista. Trabaja en los m\u00e1rgenes del metraje de archivo y las pr\u00e1cticas experimentales. Es autor de las pel\u00edculas \u201cLos j\u00f3venes muertos\u201d (2010), \u201cLa pel\u00edcula infinita\u201d (2018) y \u201cHerbaria\u201d (2022). Se desempe\u00f1\u00f3 como programador de cine en el Festival BAFICI durante diez a\u00f1os, fue uno de los fundadores de ARCA (Archivo Regional de Cine Amateur) y desde 2015 est\u00e1 a cargo de la Coordinaci\u00f3n T\u00e9cnica y Programaci\u00f3n del Museo del Cine de Buenos Aires. Dict\u00f3 clases en instituciones como la Universidad del Cine y la EICTV (Cuba).<\/p>\n<p><strong><em>Leandro Listorti<\/em><\/strong><em> is an artist, filmmaker, producer, programmer, and archivist. He works on the margins of archival footage and experimental practices. He is the author of the films &#8220;Los J\u00f3venes Muertos&#8221; (2010), &#8220;La Pel\u00edcula infinita&#8221; (2018), and &#8220;Herbaria&#8221; (2022). He worked as a film programmer at the BAFICI Festival for ten years, was one of the founders of ARCA (Regional Amateur Film Archive), and since 2015 has been in charge of the Technical Coordination and Programming of the Buenos Aires Film Museum. He has been a teacher at institutions such as the Universidad del Cine and EICTV (Cuba).<\/em><\/p>\n<p><strong><img loading=\"lazy\" class=\" wp-image-9597 alignleft\" src=\"https:\/\/ecu.edu.uy\/wp-content\/uploads\/2025\/08\/Martes4.png\" alt=\"\" width=\"209\" height=\"261\" srcset=\"https:\/\/ecu.edu.uy\/wp-content\/uploads\/2025\/08\/Martes4.png 1081w, https:\/\/ecu.edu.uy\/wp-content\/uploads\/2025\/08\/Martes4-240x300.png 240w, https:\/\/ecu.edu.uy\/wp-content\/uploads\/2025\/08\/Martes4-819x1024.png 819w, https:\/\/ecu.edu.uy\/wp-content\/uploads\/2025\/08\/Martes4-768x960.png 768w, https:\/\/ecu.edu.uy\/wp-content\/uploads\/2025\/08\/Martes4-440x550.png 440w\" sizes=\"(max-width: 209px) 100vw, 209px\" \/>Soledad Castro Lazaroff (moderadora)<\/strong><\/p>\n<p>Egresada de la Escuela de Cine del Uruguay (ECU, Generaci\u00f3n 2008), se especializ\u00f3 en direcci\u00f3n y montaje. Estudi\u00f3 la Especializaci\u00f3n en Montaje I y II en el SICA (Sindicato de la Industria Cinematogr\u00e1fica Argentina). Fue montajista de la pel\u00edcula Retrato de un comportamiento animal, de Gonzalo Lugo y Florencia Colucci (estreno 2015) y de la pel\u00edcula \u00d3pera Prima, de Marcos Banina (estreno 2018). Dirigi\u00f3 y mont\u00f3 el documental Falta y Resto 30 a\u00f1os, la leyenda, y la serie de televisi\u00f3n de cuatro cap\u00edtulos Cero Drama, proyectada por Canal Encuentro de Argentina. Mont\u00f3 tambi\u00e9n numerosos videoclips y dvds musicales. En 2021 estren\u00f3 el largometraje documental Una de nosotras. Adem\u00e1s ejerce como docente de cine y como periodista cultural.<\/p>\n<p><strong><em>Soledad Castro Lazaroff (moderator)<\/em><\/strong><\/p>\n<p><em>A graduate of the Uruguayan Film School (ECU, Class of 2008), she specialized in directing and editing. She studied Specialization in Editing I and II at SICA (Argentine Film Industry Union). She was the editor for the film Retrato de un comportamiento animal (Portrait of Animal Behavior) by Gonzalo Lugo and Florencia Colucci (released in 2015) and the film \u00d3pera Prima by Marcos Banina (2018). She directed and edited the documentary Falta y Resto 30 a\u00f1os, la leyenda and the four-part television series Cero Drama (Zero Drama), broadcast on Argentina&#8217;s Canal Encuentro. She also edited numerous music videos and DVDs. In 2021, she released the feature-length documentary Una de nosotras (One of Us). She also works as a film teacher and cultural journalist.<\/em><\/p>\n<p><strong>2) Mesa redonda: Pensar en cortos \/ Round table: To Think in Shorts<\/strong><\/p>\n<p><strong>Mi\u00e9rcoles 13\/8 \u2013 17:00 hs &#8211; Cinemateca<\/strong><\/p>\n<p>Un espacio de intercambio junto a j\u00f3venes cineastas con trayectoria en el cortometraje, compartiendo experiencias sobre las posibilidades de este formato m\u00e1s all\u00e1 del \u00e1mbito acad\u00e9mico: el cortometraje como campo de experimentaci\u00f3n, como pr\u00e1ctica audiovisual y como obra en s\u00ed misma, y no s\u00f3lo como paso previo al largometraje; sus posibles fuentes de financiaci\u00f3n, instancias de desarrollo, estrategias de distribuci\u00f3n y festivales.<\/p>\n<p>Participar\u00e1n los realizadores <strong>Gonzalo Torrens <\/strong>e<strong> Il\u00e9n Juambeltz <\/strong>(ambos egresados de la ECU) y la productora <strong>Eugenia Olascuaga <\/strong>(docente en la ECU), con <strong>Juan Andr\u00e9s Belo<\/strong> (productor, gestor cultural y docente, fundador del Festival Detour) como moderador.<\/p>\n<p><em>A space for exchange with young filmmakers with experience in short films, sharing their views on the possibilities of this format beyond the academic sphere: the short film as a field of experimentation, as an audiovisual practice, and as an art work in itself, and not just as a preliminary step to a feature film; its potential sources of funding, development opportunities, distribution strategies, and festivals.<\/em><\/p>\n<p><em>Participating will be filmmakers <strong>Gonzalo Torrens<\/strong> and <strong>Il\u00e9n Juambeltz<\/strong> (both graduates of ECU) and producer <strong>Eugenia Olascuaga<\/strong> (professor at ECU), with <strong>Juan Andr\u00e9s Belo<\/strong> (producer, cultural manager, and professor, founder of the Deto<\/em><\/p>\n<p><em><img loading=\"lazy\" class=\"wp-image-9598 alignleft\" src=\"https:\/\/ecu.edu.uy\/wp-content\/uploads\/2025\/08\/Miercoles2.png\" alt=\"\" width=\"238\" height=\"298\" srcset=\"https:\/\/ecu.edu.uy\/wp-content\/uploads\/2025\/08\/Miercoles2.png 1081w, https:\/\/ecu.edu.uy\/wp-content\/uploads\/2025\/08\/Miercoles2-240x300.png 240w, https:\/\/ecu.edu.uy\/wp-content\/uploads\/2025\/08\/Miercoles2-819x1024.png 819w, https:\/\/ecu.edu.uy\/wp-content\/uploads\/2025\/08\/Miercoles2-768x960.png 768w, https:\/\/ecu.edu.uy\/wp-content\/uploads\/2025\/08\/Miercoles2-440x550.png 440w\" sizes=\"(max-width: 238px) 100vw, 238px\" \/><\/em><\/p>\n<p><strong>Eugenia Olascuaga (productora)<\/strong><\/p>\n<p>Cursa sus estudios en la Escuela de Cine del Uruguay (2008). Seleccionada para participar en los programas internacionales de formaci\u00f3n para productores EAVE Slate en When East Meets West 2025, Open Doors Locarno Film Festival 2023, Sundance Producers Labs and Summit 2021, Talents Buenos Aires 2018. Desde 2013 a 2019 trabaj\u00f3 en Mutante Cine como asistente de producci\u00f3n ejecutiva de las siguientes pel\u00edculas: \u201cMi amiga del Parque\u201d de Ana Katz, \u201cLas Olas\u201d y \u201cEl 5 de Talleres\u201d de Adri\u00e1n Biniez, \u201cLocura al aire\u201d documental de Alicia Cano y Leticia Cuba en el que tambi\u00e9n se desempe\u00f1\u00f3 como jefa de producci\u00f3n, \u201cAleli\u201d de Leticia Jorge y las coproducciones \u201cBenzinho\u201d de Gustavo Pizzi, \u201cLas Herederas\u201d de Marcelo Martinessi, y \u201cMonos\u201d de Alejandro Landes. Trabaj\u00f3 en la organizaci\u00f3n y coordinaci\u00f3n de once ediciones del Workshop Internacional PUENTES (https:\/\/www.eave.org\/) para productores ejecutivos latinoamericanos y europeos, que se lleva a cabo en Italia y Montevideo.<\/p>\n<p>Form\u00f3 parte del equipo de coordinaci\u00f3n del mercado en DocMontevideo en cinco ediciones. Es pre-seleccionadora de contenidos televisivos para los Premios TAL. Integra el equipo de programaci\u00f3n del Ciclo de Cine Accesible Uruguay. Es docente de producci\u00f3n ejecutiva en la Carrera de Realizaci\u00f3n Cinematogr\u00e1fica y el Diplomado en Realizaci\u00f3n Documental de la Escuela de Cine del Uruguay). En 2011 fund\u00f3 la casa productora Monarca Films que dirige junto a Valentina Baracco, donde se desarrolla como productora de contenidos audiovisuales para cine y televisi\u00f3n.<\/p>\n<p><strong><em>Eugenia Olascuaga (producer)<\/em><\/strong><\/p>\n<p><em>She studied at the Uruguayan Film School (2008). Selected to participate in the international training programs for producers EAVE Slate at When East Meets West 2025, Open Doors Locarno Film Festival 2023, Sundance Producers Labs and Summit 2021, Talents Buenos Aires 2018. From 2013 to 2019 she worked at Mutante Cine as executive production assistant on the following films: \u201cMi amiga del Parque\u201d by Ana Katz, \u201cLas Olas\u201d and \u201cEl 5 de Talleres\u201d by Adri\u00e1n Biniez, \u201cLocura al aire\u201d a documentary by Alicia Cano and Leticia Cuba in which she also served as production manager, \u201cAleli\u201d by Leticia Jorge and the co-productions \u201cBenzinho\u201d by Gustavo Pizzi, \u201cLas Herederas\u201d by Marcelo Martinessi, and \u201cMonos\u201d by Alejandro Landes. <\/em><\/p>\n<p><em>She worked on the organization and coordination of eleven editions of the PUENTES International Workshop for Latin American and European executive producers, which takes place in Italy and Montevideo. <\/em><em>She was part of the market coordination team at DocMontevideo for five editions. She is a member ot the pre-selection team for television content for the TAL Awards, and the programming team for the Accessible Film Series in Uruguay. She teaches executive production for the Filmmaking Program and the Diploma in Documentary Filmmaking at the Uruguayan Film School. In 2011, she founded the production company Monarca Films, which she runs with Valentina Baracco, where she works as a producer of audiovisual content for film and television.<\/em><\/p>\n<p><strong><img loading=\"lazy\" class=\"wp-image-9599 alignleft\" src=\"https:\/\/ecu.edu.uy\/wp-content\/uploads\/2025\/08\/Miercoles3.png\" alt=\"\" width=\"229\" height=\"286\" srcset=\"https:\/\/ecu.edu.uy\/wp-content\/uploads\/2025\/08\/Miercoles3.png 1081w, https:\/\/ecu.edu.uy\/wp-content\/uploads\/2025\/08\/Miercoles3-240x300.png 240w, https:\/\/ecu.edu.uy\/wp-content\/uploads\/2025\/08\/Miercoles3-819x1024.png 819w, https:\/\/ecu.edu.uy\/wp-content\/uploads\/2025\/08\/Miercoles3-768x960.png 768w, https:\/\/ecu.edu.uy\/wp-content\/uploads\/2025\/08\/Miercoles3-440x550.png 440w\" sizes=\"(max-width: 229px) 100vw, 229px\" \/>Gonzalo Torrens (director, guionista y docente)<\/strong><\/p>\n<p>Egresado de la Carrera de Realizaci\u00f3n Cinematogr\u00e1fica de la ECU (Generaci\u00f3n 2005). Ha dirigido y editado varios cortometrajes, entre los que se destacan los multipremiados \u201cHeavenly Covenant\u201d y \u201cDemasiada agua\u201d. Como director y editor profesional ha trabajado tambi\u00e9n en publicidad en importantes comerciales para marcas como Santander y Amnist\u00eda Internacional, por cuya pieza \u201cZero views\u201d recibi\u00f3 el Le\u00f3n de Bronce en la categor\u00eda pieza p\u00fablica en el Festival de Cannes. Es Coordinador del \u00e1rea de Postproducci\u00f3n de la ECU, docente de edici\u00f3n no lineal desde 2009, y docente de Realizaci\u00f3n desde el a\u00f1o 2014. En 2016 gan\u00f3 (junto a Jerem\u00edas Segovia) el concurso de cortos de g\u00e9nero, impulsado por el director Fede \u00c1lvarez en el marco del estreno de su pel\u00edcula \u201cNo respires\u201d, con el proyecto \u201cEl hada de los dientes\u201d, emitido para toda Latinoam\u00e9rica por el canal AXN y seleccionado en los festivales de Sitges (Espa\u00f1a) y Fantastic Fest (EEUU). En 2020 gan\u00f3 el Fondo de Fomento del ICAU para la producci\u00f3n del cortometraje \u201c99 fantasmas\u201d, actualmente en postproducci\u00f3n.<\/p>\n<p><strong><em>Gonzalo Torrens (director, screenwriter and teacher)<\/em><\/strong><\/p>\n<p><em>A graduate from the Filmmaking program at ECU (Class of 2005), he has directed and edited several short films, including the multi-award-winning &#8220;Heavenly Covenant&#8221; and &#8220;Too Much Water.&#8221; As a professional director and editor, he has also worked in advertising on major commercials for brands such as Santander and Amnesty International, for whose piece &#8220;Zero Views&#8221; he received the Bronze Lion in the Public Feature category at the Cannes Film Festival. He is the Post-Production Coordinator at ECU, a non-linear editing instructor since 2009, and a Direction teacher since 2014. In 2016, he won (along with Jerem\u00edas Segovia) the genre short film competition, sponsored by director Fede \u00c1lvarez during the premiere of his film &#8220;Don&#8217;t Breathe,&#8221; with the project &#8220;The Tooth Fairy,&#8221; broadcasted throughout Latin America on the AXN channel and selected for the Sitges (Spain) and Fantastic Fest (USA) festivals. In 2020, she won the ICAU Development Fund for the production of the short film &#8220;99 fantasmas,&#8221; currently in post-production.<\/em><\/p>\n<p><strong><img loading=\"lazy\" class=\"wp-image-9600 alignleft\" src=\"https:\/\/ecu.edu.uy\/wp-content\/uploads\/2025\/08\/Miercoles4.png\" alt=\"\" width=\"235\" height=\"294\" srcset=\"https:\/\/ecu.edu.uy\/wp-content\/uploads\/2025\/08\/Miercoles4.png 1081w, https:\/\/ecu.edu.uy\/wp-content\/uploads\/2025\/08\/Miercoles4-240x300.png 240w, https:\/\/ecu.edu.uy\/wp-content\/uploads\/2025\/08\/Miercoles4-819x1024.png 819w, https:\/\/ecu.edu.uy\/wp-content\/uploads\/2025\/08\/Miercoles4-768x960.png 768w, https:\/\/ecu.edu.uy\/wp-content\/uploads\/2025\/08\/Miercoles4-440x550.png 440w\" sizes=\"(max-width: 235px) 100vw, 235px\" \/>Il\u00e9n Juambeltz (directora y guionista)<\/strong><\/p>\n<p>Es guionista y directora uruguaya, curs\u00f3 la Carrera de Realizaci\u00f3n Cinematogr\u00e1fica en la ECU (Gen. 2015). Sus cortometrajes han sido premiados nacional e internacionalmente. Coguion\u00f3 y codirigi\u00f3 Antes de Madrid, estrenado en la Berlinale y ganador de m\u00e1s de una decena de premios en festivales como Huelva, Biarritz, Seattle, entre otros. Su \u00faltimo corto, Mala Facha (2023), fue estrenado en Guadalajara y premiado en Biarritz, FENAVID y Clermont-Ferrand, y sigue en distribuci\u00f3n. En 2021 dirigi\u00f3 un episodio de la docuserie de Netflix Historias de una generaci\u00f3n con el Papa Francisco, estrenado en el Rome Film Festival. Tambi\u00e9n es creadora de la microserie Cartas de una Pandemia, emitida por TV Ciudad y premiada en festivales. Su \u00f3pera prima, Desde el Fuego, est\u00e1 en desarrollo y ha sido seleccionada en espacios como el CDPAI, Cannes (CNN Encuentro de Coproducci\u00f3n) y Montevideo Cine Lab. Actualmente trabaja como coguionista en varios proyectos de cine y series en Uruguay y Espa\u00f1a.<\/p>\n<p><strong>Il\u00e9n Juambeltz (director and screenwriter)<\/strong><\/p>\n<p><em>She is a Uruguayan screenwriter and director who studied Filmmaking at ECU (Class of 2015). Her short films have received national and international awards. She co-wrote and co-directed Antes de Madrid, which premiered at the Berlinale and won more than a dozen awards at festivals such as Huelva, Biarritz, and Seattle, among others. Her latest short film, Mala Facha (2023), premiered in Guadalajara and won awards at Biarritz, FENAVID, and Clermont-Ferrand, and is still in distribution. In 2021, she directed an episode of the Netflix docuseries Historias de una generaci\u00f3n with Pope Francis, which premiered at the Rome Film Festival. She is also the creator of the microseries Cartas de una Pandemia, broadcast on TV Ciudad and awarded at festivals. His debut feature, Desde el Fuego, is in development and has been selected for events such as CDPAI, Cannes (CNN Co-Production Meeting), and Montevideo Cine Lab. She is currently working as a co-writer on several film and series projects in Uruguay and Spain.<\/em><\/p>\n<p><strong><img loading=\"lazy\" class=\"wp-image-9601 alignleft\" src=\"https:\/\/ecu.edu.uy\/wp-content\/uploads\/2025\/08\/Miercoles5.png\" alt=\"\" width=\"229\" height=\"286\" srcset=\"https:\/\/ecu.edu.uy\/wp-content\/uploads\/2025\/08\/Miercoles5.png 1081w, https:\/\/ecu.edu.uy\/wp-content\/uploads\/2025\/08\/Miercoles5-240x300.png 240w, https:\/\/ecu.edu.uy\/wp-content\/uploads\/2025\/08\/Miercoles5-819x1024.png 819w, https:\/\/ecu.edu.uy\/wp-content\/uploads\/2025\/08\/Miercoles5-768x960.png 768w, https:\/\/ecu.edu.uy\/wp-content\/uploads\/2025\/08\/Miercoles5-440x550.png 440w\" sizes=\"(max-width: 229px) 100vw, 229px\" \/>Juan Andr\u00e9s Belo (moderador)<\/strong><\/p>\n<p>Montevideo, 1986. Es productor, gestor cultural y docente. Licenciado en Comunicaci\u00f3n Audiovisual por Universidad ORT y Mag\u00edster en Educaci\u00f3n con perfil investigativo. Fundador de Cinedata.uy, Revista FILM (3er \u00e9poca) y detour.uy (Festival de Cine Nuevo y Montevideo Cine Lab). Trabaj\u00f3 desde 2010 y hasta 2014 en Buen Cine a cargo de la distribuci\u00f3n en salas de pel\u00edculas uruguayas y extranjeras y realizando asistencia de producci\u00f3n ejecutiva de proyectos. Desde 20212 trabaja como productor y montajista. Ha editado cortos y videoclips para empresas como Mutante Cine, Pardeli\u00f3n y Telemando. Fue productor general de dos DVDs musicales (&#8220;Mart\u00edn Buscaglia en Vivo en Montevideo&#8221; y &#8220;Alberto Wolf y los Terapuetas &#8211; 25 a\u00f1os&#8221;).<\/p>\n<p>Particip\u00f3 como asistente de producci\u00f3n ejecutiva del desarrollo de la serie &#8220;Ernesto Exterminador de seres monstruosos y otras porquer\u00edas&#8221;, coproducci\u00f3n entre Uruguay y Brasil. Coproductor y distribuidor del largometraje documental Federico El Grande (2022), producido en el departamento de Salto. Desde 2021 es productor en Chucho.tv, empresa dedicada a la animaci\u00f3n, donde se encarg\u00f3 de la producci\u00f3n ejecutiva de la serie La Orquestita (2025, co-producci\u00f3n con Colombia, Argentina, Per\u00fa y Espa\u00f1a) y del largometraje en pre-producci\u00f3n Olivia y Los Misterios (coproducci\u00f3n con Brasil y Per\u00fa). Desde 2024 es el coordinador de la secci\u00f3n de cortos del mercado Ventana Sur (VS &#8211; Cortos).<\/p>\n<p><strong><em>Juan Andr\u00e9s Belo (moderator)<\/em><\/strong><\/p>\n<p><em>Montevideo, 1986. He is a producer, cultural manager, and teacher. He holds a degree in Audiovisual Communication from ORT University and a Master&#8217;s in Education with a research focus. He is the founder of Cinedata.uy, FILM Magazine (3rd season), and detour.uy (New Film Festival and Montevideo Cine Lab). He worked at Buen Cine from 2010 to 2014, in charge of theatrical distribution of Uruguayan and foreign films and as an executive production assistant on projects. Since 2021, he has worked as a producer and editor. He has edited short films and music videos for companies such as Mutante Cine, Pardeli\u00f3n, and Telemando. He was the general producer of two music DVDs (&#8220;Mart\u00edn Buscaglia Live in Montevideo&#8221; and &#8220;Alberto Wolf and the Therapists &#8211; 25 Years&#8221;).<\/em><\/p>\n<p><em>He served as executive production assistant on the development of the series &#8220;Ernesto Exterminator of Monstrous Beings and Other Filth,&#8221; a co-production between Uruguay and Brazil. He is also co-producer and distributor of the feature-length documentary Federico El Grande (2022), produced in the department of Salto. Since 2021, he has been a producer at Chucho.tv, a company dedicated to animation, where he was in charge of executive production of the series La Orquestita (2025, co-production with Colombia, Argentina, Peru, and Spain) and the feature film in pre-production Olivia y Los Misterios (co-production with Brazil and Peru). Since 2024, he has been the coordinator of the short film section of the Ventana Sur market.<\/em><\/p>\n<p><strong>3) Master Class: Siempre vuelven<\/strong><\/p>\n<p><strong>Jueves 14\/8 \u2013 17:00 hs &#8211; Cinemateca<\/strong><\/p>\n<p>En esta Master Class, el director <strong>Sergio De Le\u00f3n<\/strong> compartir\u00e1 el proceso creativo de <strong>Siempre vuelven<\/strong>, su tercer largometraje \u2013 y primero de ficci\u00f3n &#8211; junto a la productora <strong>Micaela Sol\u00e9<\/strong> y el dise\u00f1ador de sonido <strong>Daniel Yafalian<\/strong>. Se trata de tres cineastas con amplia experiencia, los tres egresados de las primeras generaciones de la ECU (1995 y 1997), que han sido testigos y protagonistas del desarrollo que el cine nacional ha tenido a lo largo de estos a\u00f1os.<\/p>\n<p><em>In this Masterclass, director <strong>Sergio De Le\u00f3n<\/strong> will share the creative process behind <strong>Siempre vuelven<\/strong> (They always come back), his third feature film\u2014and first fiction film\u2014along with producer <strong>Micaela Sol\u00e9<\/strong> and sound designer <strong>Daniel Yafalian<\/strong>. These three filmmakers are highly experienced, all three graduates from the first generations of ECU (1995 and 1997), who have witnessed and participated in the development of national cinema over the years.<\/em><\/p>\n<p><strong><img loading=\"lazy\" class=\"wp-image-9602 alignleft\" src=\"https:\/\/ecu.edu.uy\/wp-content\/uploads\/2025\/08\/Jueves2.png\" alt=\"\" width=\"234\" height=\"293\" srcset=\"https:\/\/ecu.edu.uy\/wp-content\/uploads\/2025\/08\/Jueves2.png 1081w, https:\/\/ecu.edu.uy\/wp-content\/uploads\/2025\/08\/Jueves2-240x300.png 240w, https:\/\/ecu.edu.uy\/wp-content\/uploads\/2025\/08\/Jueves2-819x1024.png 819w, https:\/\/ecu.edu.uy\/wp-content\/uploads\/2025\/08\/Jueves2-768x960.png 768w, https:\/\/ecu.edu.uy\/wp-content\/uploads\/2025\/08\/Jueves2-440x550.png 440w\" sizes=\"(max-width: 234px) 100vw, 234px\" \/>Sergio De Le\u00f3n (director, guionista y docente)<\/strong><\/p>\n<p>Sergio De Le\u00f3n egres\u00f3 de la Escuela de Cine del Uruguay en 1998. Ha sido asistente de direcci\u00f3n y director de producci\u00f3n por m\u00e1s de veinte a\u00f1os, trabajando con directores como Alvaro Brechner, C\u00e9sar Charlone, Beatriz Flores Silva, Daniel Hendler, Agust\u00edn Toscano, Agust\u00edn Banchero, entre otros. Ha sido docente desde el a\u00f1o 2005 hasta el presente de lugares como la Escuela de Cine del Uruguay, la Escuela Comunitaria de Cine del Oeste, la Universidad de la Rep\u00fablica (Uruguay) y la Escuela Internacional de Cine y TV de San Antonio de los Ba\u00f1os (Cuba). Con su productora Vislumbre ha producido y dirigido las pel\u00edculas documentales La Intenci\u00f3n del Colibr\u00ed (2019) y Nieves Florecida en Astros (2022). Siempre Vuelven (2025) es su \u00f3pera prima como director de ficci\u00f3n. La misma fue estrenada en el Festival de cine en Guadalajara, M\u00e9xico y en Frameline, San Francisco, USA.<\/p>\n<p><strong><em>Sergio De Le\u00f3n (director, screenwriter, and teacher)<\/em><\/strong><\/p>\n<p><em>Sergio De Le\u00f3n graduated from the Uruguayan Film School in 1998. He has been an assistant director and production manager for over twenty years, working with directors such as Alvaro Brechner, C\u00e9sar Charlone, Beatriz Flores Silva, Daniel Hendler, Agust\u00edn Toscano, and Agust\u00edn Banchero, among others. He has taught from 2005 to the present at institutions such as the Uruguayan Film School, the Western Community Film School, the University of the Republic (Uruguay), and the International Film and TV School of San Antonio de los Ba\u00f1os (Cuba). With his production company, Vislumbre, he has produced and directed the documentary films La Intenci\u00f3n del Colibr\u00ed (2019) and Nieves Florecida en Astros (2022). Siempre Vuelven (2025) is his debut feature as a fiction director. It premiered at the Guadalajara Film Festival in Mexico and at Frameline in San Francisco, USA.<\/em><\/p>\n<p><strong><img loading=\"lazy\" class=\"wp-image-9603 alignleft\" src=\"https:\/\/ecu.edu.uy\/wp-content\/uploads\/2025\/08\/Jueves3.png\" alt=\"\" width=\"227\" height=\"284\" srcset=\"https:\/\/ecu.edu.uy\/wp-content\/uploads\/2025\/08\/Jueves3.png 1081w, https:\/\/ecu.edu.uy\/wp-content\/uploads\/2025\/08\/Jueves3-240x300.png 240w, https:\/\/ecu.edu.uy\/wp-content\/uploads\/2025\/08\/Jueves3-819x1024.png 819w, https:\/\/ecu.edu.uy\/wp-content\/uploads\/2025\/08\/Jueves3-768x960.png 768w, https:\/\/ecu.edu.uy\/wp-content\/uploads\/2025\/08\/Jueves3-440x550.png 440w\" sizes=\"(max-width: 227px) 100vw, 227px\" \/>Micaela Sol\u00e9 (productora)<\/strong><\/p>\n<p>Micaela Sol\u00e9 egres\u00f3 como Realizadora Cinematogr\u00e1fica de la Escuela de Cine del Uruguay (Gen. 1997). Hizo varios cursos de postgrado en Cuba y Espa\u00f1a. Desde 1999 trabaja como productora independiente para varias compa\u00f1\u00edas dentro y fuera de Uruguay.\u00a0 En 2007 fund\u00f3 Cord\u00f3n Films para desarrollar proyectos cinematogr\u00e1ficos, trabajo que lleva adelante con esp\u00edritu artesanal, intentando encontrar lo singular de cada uno de los procesos creativos en los que colabora. Los casi treinta proyectos que lleva producidos han sido estrenados y premiados en festivales como Berl\u00edn, Toronto, Locarno y San Sebasti\u00e1n, entre muchos otros, y exhibidos en diversas salas y plataformas. Ha sido docente, jurado y tutora de proyectos en m\u00faltiples espacios nacionales e internacionales. M\u00e1s recientemente ha retomado la realizaci\u00f3n de proyectos desde el rol de direcci\u00f3n, encontr\u00e1ndose en este momento trabajando en su cortometraje Los ciclos.<\/p>\n<p><strong><em>Micaela Sol\u00e9 (producer)<\/em><\/strong><\/p>\n<p><em>Micaela Sol\u00e9 graduated from the Uruguayan Film School (Class of 1997). She completed several postgraduate courses in Cuba and Spain. Since 1999, she has worked as an independent producer for several companies both in Uruguay and abroad. In 2007, she founded Cord\u00f3n Films to develop film projects, a task she pursues with a craftsmanship, seeking to find the uniqueness of each creative process she collaborates on. The nearly thirty projects she has produced have premiered and won awards at festivals such as Berlin, Toronto, Locarno, and San Sebasti\u00e1n, among many others, and have been shown in various venues and platforms. She has been a teacher, juror, and tutor at numerous national and international venues. More recently, she has returned to directing projects, currently working on her short film Los ciclos (The Cycles).<\/em><\/p>\n<p><strong><img loading=\"lazy\" class=\" wp-image-9604 alignleft\" src=\"https:\/\/ecu.edu.uy\/wp-content\/uploads\/2025\/08\/Jueves4.png\" alt=\"\" width=\"223\" height=\"278\" srcset=\"https:\/\/ecu.edu.uy\/wp-content\/uploads\/2025\/08\/Jueves4.png 1081w, https:\/\/ecu.edu.uy\/wp-content\/uploads\/2025\/08\/Jueves4-240x300.png 240w, https:\/\/ecu.edu.uy\/wp-content\/uploads\/2025\/08\/Jueves4-819x1024.png 819w, https:\/\/ecu.edu.uy\/wp-content\/uploads\/2025\/08\/Jueves4-768x960.png 768w, https:\/\/ecu.edu.uy\/wp-content\/uploads\/2025\/08\/Jueves4-440x550.png 440w\" sizes=\"(max-width: 223px) 100vw, 223px\" \/>Daniel Yafali\u00e1n (dise\u00f1ador de sonido)<\/strong><\/p>\n<p>Es compositor y dise\u00f1ador de sonido egresado de la Escuela de Cine del Uruugay (Gen. 1997). Trabaja en diversas \u00e1reas del sonido para la producci\u00f3n audiovisual y haciendo m\u00fasica original para cine. Ha compuesto algunas obras electroac\u00fasticas estrenadas en el n\u00facleo de m\u00fasica nueva y edit\u00f3, de manera independiente, los \u00e1lbumes Naturaleza Muerta (2012), Para\u00edsos Artificiales (2015) y Micromundos (2018). Su filmograf\u00eda supera largamente las cincuenta producciones y puede encontrarse aqu\u00ed: <a href=\"http:\/\/www.yafalian.com\">http:\/\/www.yafalian.com<\/a><\/p>\n<p><strong><em>Daniel Yafalian (Sound Designer)<\/em><\/strong><\/p>\n<p><em>He is a composer and sound designer who graduated from the Uruguayan Film School (Class of 1997). He works in various areas of sound for audiovisual production and composes original music for film. He has composed several electroacoustic works premiered in the New Music Group and independently released the albums Naturaleza Muerta (2012), Para\u00edsos Artificiales (2015), and Micromundos (2018). His filmography includes well over fifty productions and can be found here: <a href=\"http:\/\/www.yafalian.com\">http:\/\/www.yafalian.com<\/a><\/em><\/p>\n<p>Todas las funciones y actividades del FIEC son con entrada libre y gratuita.<\/p>\n<p><em>All FIEC screenings and activities are free of charge.<\/em><\/p>\n<p><strong>Esta nueva edici\u00f3n del Festival es posible gracias al apoyo de ACAU, Montevideo Audiovisual, Canelones Audiovisual, Municipio B, Sala Zitarrosa, Cine MACA, Alianza Francesa, Fic.UBA, Musitelli, La Mayor, Sin Sol, El Mar Film Sound, Artemisa Lab, Don Obdulio, Programa Cinescope, ANTEL, Lokotas, Caf\u00e9 La Diaria, Caf\u00e9 del Cine, Acuaria, Taz\u00fa Bar, Maki Sushi, Cerveza Patricia, Destiler\u00eda Capic\u00faa, Puertovideo, Equipos, La Diaria, Montevideo Portal, TV Ciudad, CILECT, FEISAL y FilmFreeway.<\/strong><\/p>\n<p><strong>M\u00e1s informaci\u00f3n: <\/strong><a href=\"mailto:festival@ecu.edu.uy\"><strong>festival@ecu.edu.uy<\/strong><\/a><\/p>\n","protected":false},"excerpt":{"rendered":"<p>Como es tradicional, y antes de las exhibiciones de cortos a concurso, el Festival ofrecer&aacute; actividades paralelas dirigidas a estudiantes de cine y audiovisual de todo el pa&iacute;s, egresados recientes de los diferentes centros de formaci&oacute;n, profesionales y trabajadores del sector, y por supuesto a todo p&uacute;blico interesado. Este a&ntilde;o contaremos con tres instancias que&#8230; <\/p>\n<div class=\"clear\"><\/div>\n<p><a href=\"https:\/\/ecu.edu.uy\/sitioweb\/25-fiec-actividades-paralelas-parallel-activities\/\" class=\"gdlr-button with-border excerpt-read-more\">Leer mas<\/a><\/p>\n","protected":false},"author":2,"featured_media":0,"comment_status":"open","ping_status":"open","sticky":false,"template":"","format":"standard","meta":[],"categories":[1],"tags":[],"_links":{"self":[{"href":"https:\/\/ecu.edu.uy\/sitioweb\/wp-json\/wp\/v2\/posts\/9594"}],"collection":[{"href":"https:\/\/ecu.edu.uy\/sitioweb\/wp-json\/wp\/v2\/posts"}],"about":[{"href":"https:\/\/ecu.edu.uy\/sitioweb\/wp-json\/wp\/v2\/types\/post"}],"author":[{"embeddable":true,"href":"https:\/\/ecu.edu.uy\/sitioweb\/wp-json\/wp\/v2\/users\/2"}],"replies":[{"embeddable":true,"href":"https:\/\/ecu.edu.uy\/sitioweb\/wp-json\/wp\/v2\/comments?post=9594"}],"version-history":[{"count":3,"href":"https:\/\/ecu.edu.uy\/sitioweb\/wp-json\/wp\/v2\/posts\/9594\/revisions"}],"predecessor-version":[{"id":9607,"href":"https:\/\/ecu.edu.uy\/sitioweb\/wp-json\/wp\/v2\/posts\/9594\/revisions\/9607"}],"wp:attachment":[{"href":"https:\/\/ecu.edu.uy\/sitioweb\/wp-json\/wp\/v2\/media?parent=9594"}],"wp:term":[{"taxonomy":"category","embeddable":true,"href":"https:\/\/ecu.edu.uy\/sitioweb\/wp-json\/wp\/v2\/categories?post=9594"},{"taxonomy":"post_tag","embeddable":true,"href":"https:\/\/ecu.edu.uy\/sitioweb\/wp-json\/wp\/v2\/tags?post=9594"}],"curies":[{"name":"wp","href":"https:\/\/api.w.org\/{rel}","templated":true}]}}