{"id":9616,"date":"2025-08-18T20:52:25","date_gmt":"2025-08-18T23:52:25","guid":{"rendered":"https:\/\/ecu.edu.uy\/sitioweb\/?p=9616"},"modified":"2025-08-21T21:57:23","modified_gmt":"2025-08-22T00:57:23","slug":"premios-del-jurado-profesional","status":"publish","type":"post","link":"https:\/\/ecu.edu.uy\/sitioweb\/premios-del-jurado-profesional\/","title":{"rendered":"Premios del Jurado Profesional"},"content":{"rendered":"<p>Reunido en Montevideo el d\u00eda 14 de agosto de 2025, el <strong>Jurado Profesional <\/strong>del<strong> 25 Festival Internacional de Escuelas de Cine<\/strong>, integrado por <strong>Luc\u00eda Garibaldi<\/strong><strong>, <\/strong><strong>Leandro Listorti <\/strong><strong>y <\/strong><strong>Sergio De Le\u00f3n<\/strong>, ha decidido otorgar los siguientes premios:<\/p>\n<p><strong>CATEGOR\u00cdA ANIMACI\u00d3N:<\/strong><\/p>\n<p><strong>Premio Mejor Animaci\u00f3n: <\/strong>por su capacidad de conmover y por volverse impredecible en su narrativa, aprovechando al m\u00e1ximo el lenguaje de la animaci\u00f3n para retratar la soledad a partir de personajes alejados de estereotipos, dando una mirada luminosa sobre el amor:<\/p>\n<p><strong>Detlev <\/strong>\u2013 dirigido por Ferdinand Ehrhardt \u2013 Filmakademie Baden-W\u00fcrttemberg (Alemania)<\/p>\n<hr \/>\n<p><strong>CATEGOR\u00cdA NO FICCION<\/strong>:<\/p>\n<p><strong>Premio Mejor No Ficci\u00f3n: <\/strong>por abrirnos la puerta a un mundo genuino, en el que sus personajes, irresistibles desde el primer segundo, nos invitan a quedarnos, a compartir su intimidad, y a disfrutar de ese lujo invisible que es perder el tiempo;<\/p>\n<p><strong>Un sue\u00f1o de una noche <\/strong>\u2013 Dirigido por Sandra Iglesias Gonz\u00e1lez, Claudia de la Iglesia Diez, Barbara Portilla Santana y Marina Fornies Brice\u00f1o \u2013 ECAM (Espa\u00f1a)<\/p>\n<hr \/>\n<p><strong>CATEGORIA FICCI\u00d3N<\/strong>:<\/p>\n<p><strong>Premio Mejor No Ficci\u00f3n: <\/strong>por sostener una tensi\u00f3n dram\u00e1tica constante y por la potencia visual con la que construye un universo propio. Se destaca la fotograf\u00eda, el juego de escalas en la puesta en escena y la artesan\u00eda del maquillaje, que refuerzan su mundo fant\u00e1stico;<\/p>\n<p><strong>Among the beasts <\/strong>\u2013 Dirigido por Luchino Paparella \u2013 INSAS (B\u00e9lgica)<\/p>\n<hr \/>\n<p><strong>MEJOR CORTO LATINOAMERICANO:<\/strong><\/p>\n<p><strong>Premio Mejor Corto Latinoamericano:<\/strong> por crear, a trav\u00e9s de una puesta en escena singular, un espacio de memoria seguro e \u00edntimo, donde las protagonistas comparten sus experiencias m\u00e1s dif\u00edciles desde una profunda\u00a0complicidad;<\/p>\n<p><strong>Una casa <\/strong>\u2013 Dirigido por Agust\u00edn Moras \u2013 ENERC (Argentina)<\/p>\n<hr \/>\n<p><strong>MEJOR CORTO URUGUAYO<\/strong>:<\/p>\n<p><strong>Primer Premio: Premio Musitelli, Premio La Mayor y Premio Don Obdulio: <\/strong>por mostrar c\u00f3mo, a trav\u00e9s del arte y la expresi\u00f3n, se puede encontrar un camino de transformaci\u00f3n. Destaca su vocaci\u00f3n de romper con el estigma social sobre la poblaci\u00f3n carcelaria mediante un acercamiento sensible, humano y sin condescendencia. El premio es para:<\/p>\n<p><strong>Tumbero <\/strong>\u2013 Dirigido por Maite Pi\u00f1eyr\u00faa Segura \u2013 Universidad Cat\u00f3lica del Uruguay<\/p>\n<p>&nbsp;<\/p>\n","protected":false},"excerpt":{"rendered":"<p>Reunido en Montevideo el d&iacute;a 14 de agosto de 2025, el Jurado Profesional del 25 Festival Internacional de Escuelas de Cine, integrado por Luc&iacute;a Garibaldi, Leandro Listorti y Sergio De Le&oacute;n, ha decidido otorgar los siguientes premios: CATEGOR&Iacute;A ANIMACI&Oacute;N: Premio Mejor Animaci&oacute;n: por su capacidad de conmover y por volverse impredecible en su narrativa, aprovechando&#8230; <\/p>\n<div class=\"clear\"><\/div>\n<p><a href=\"https:\/\/ecu.edu.uy\/sitioweb\/premios-del-jurado-profesional\/\" class=\"gdlr-button with-border excerpt-read-more\">Leer mas<\/a><\/p>\n","protected":false},"author":2,"featured_media":9617,"comment_status":"open","ping_status":"open","sticky":false,"template":"","format":"standard","meta":[],"categories":[1],"tags":[],"_links":{"self":[{"href":"https:\/\/ecu.edu.uy\/sitioweb\/wp-json\/wp\/v2\/posts\/9616"}],"collection":[{"href":"https:\/\/ecu.edu.uy\/sitioweb\/wp-json\/wp\/v2\/posts"}],"about":[{"href":"https:\/\/ecu.edu.uy\/sitioweb\/wp-json\/wp\/v2\/types\/post"}],"author":[{"embeddable":true,"href":"https:\/\/ecu.edu.uy\/sitioweb\/wp-json\/wp\/v2\/users\/2"}],"replies":[{"embeddable":true,"href":"https:\/\/ecu.edu.uy\/sitioweb\/wp-json\/wp\/v2\/comments?post=9616"}],"version-history":[{"count":2,"href":"https:\/\/ecu.edu.uy\/sitioweb\/wp-json\/wp\/v2\/posts\/9616\/revisions"}],"predecessor-version":[{"id":9624,"href":"https:\/\/ecu.edu.uy\/sitioweb\/wp-json\/wp\/v2\/posts\/9616\/revisions\/9624"}],"wp:featuredmedia":[{"embeddable":true,"href":"https:\/\/ecu.edu.uy\/sitioweb\/wp-json\/wp\/v2\/media\/9617"}],"wp:attachment":[{"href":"https:\/\/ecu.edu.uy\/sitioweb\/wp-json\/wp\/v2\/media?parent=9616"}],"wp:term":[{"taxonomy":"category","embeddable":true,"href":"https:\/\/ecu.edu.uy\/sitioweb\/wp-json\/wp\/v2\/categories?post=9616"},{"taxonomy":"post_tag","embeddable":true,"href":"https:\/\/ecu.edu.uy\/sitioweb\/wp-json\/wp\/v2\/tags?post=9616"}],"curies":[{"name":"wp","href":"https:\/\/api.w.org\/{rel}","templated":true}]}}