{"id":9621,"date":"2025-08-18T22:23:42","date_gmt":"2025-08-19T01:23:42","guid":{"rendered":"https:\/\/ecu.edu.uy\/sitioweb\/?p=9621"},"modified":"2025-08-22T19:04:01","modified_gmt":"2025-08-22T22:04:01","slug":"premios-del-25-festival-internacional-de-escuelas-de-cine","status":"publish","type":"post","link":"https:\/\/ecu.edu.uy\/sitioweb\/premios-del-25-festival-internacional-de-escuelas-de-cine\/","title":{"rendered":"Premios del 25 Festival Internacional de Escuelas de Cine"},"content":{"rendered":"<p>Con premios y menciones para cortometrajes estudiantiles de 10 pa\u00edses (Alemania, Argentina, Austria, B\u00e9lgica, Cuba, Espa\u00f1a, Francia, M\u00e9xico, Ucrania y Uruguay), el viernes 15 de agosto concluy\u00f3 el <strong>25 Festival Internacional de Escuelas de Cine (FIEC)<\/strong>, organizado por la <strong>Escuela de Cine del Uruguay (ECU)<\/strong> y <strong>Cinemateca Uruguaya<\/strong> en el marco de los 30 a\u00f1os de la ECU.<\/p>\n<p><a href=\"https:\/\/ecu.edu.uy\/sitioweb\/25-international-film-schools-festival-awards\/\"><strong>See the English version<\/strong><\/a><\/p>\n<p>El FIEC tuvo lugar del 12 al 15 de agosto en Cinemateca y Sala Zitarrosa, con salas casi siempre colmadas. La selecci\u00f3n oficial 2025 cont\u00f3 con 45 cortometrajes de ficci\u00f3n, no ficci\u00f3n y animaci\u00f3n, realizados por estudiantes de 41 escuelas de cine de 27 pa\u00edses, incluido Uruguay. La convocatoria internacional se realiz\u00f3, como todos los a\u00f1os, a trav\u00e9s de la Asociaci\u00f3n Internacional de Escuelas de Cine y Televisi\u00f3n (CILECT) y de la Federaci\u00f3n de Escuelas de la Imagen y el Sonido de Am\u00e9rica Latina (FEISAL), de las cuales forma parte la ECU como \u00fanico miembro uruguayo, aunque la participaci\u00f3n es abierta tambi\u00e9n a escuelas de cine que no sean miembro.<\/p>\n<p>La preselecci\u00f3n de cortos a concurso estuvo a cargo de un equipo integrado por 25 estudiantes de la ECU, en una tarea que llev\u00f3 varios meses de visionado junto al equipo de programaci\u00f3n.<\/p>\n<p><strong>Premios del Jurado Profesional<\/strong><\/p>\n<p>Integrado por los cineastas <strong>Luc\u00eda Garibaldi<\/strong> <strong>y <\/strong><strong>Sergio De Le\u00f3n<\/strong> (ambos egresados de la ECU), junto al tambi\u00e9n cineasta, archivista y programador <strong>Leandro Listorti <\/strong>(Argentina), el Jurado Profesional del Festival decidi\u00f3 premiar como mejor ficci\u00f3n al corto <strong>Among the beasts<\/strong>, dirigido por Luchino Paparella de INSAS (B\u00e9lgica); como mejor no ficci\u00f3n a <strong>Un sue\u00f1o de una noche<\/strong>, dirigido por Sandra Iglesias Gonz\u00e1lez, Claudia de la Iglesia Diez, Barbara Portilla Santana y Marina Fornies Brice\u00f1o de la ECAM (Espa\u00f1a); en la categor\u00eda animaci\u00f3n eligieron <strong>Detlev,<\/strong> de Ferdinand Ehrhardt, estudiante de Filmakademie Baden-W\u00fcrttemberg (Alemania); y como mejor corto latinoamericano se inclinaron por el documental <strong>Una casa<\/strong>, dirigido por Agust\u00edn Moras de la ENERC (Argentina).<\/p>\n<p>El Jurado Profesional eligi\u00f3 como mejor corto uruguayo el documental <strong>Tumbero, <\/strong>con direcci\u00f3n de Maite Pi\u00f1eyr\u00faa Segura de la Universidad Cat\u00f3lica del Uruguay. El premio en este caso consiste en insumos para seguir filmando: un <strong>Premio Musitelli <\/strong>valuado en 4.000 d\u00f3lares en equipamiento, el<strong> Premio La Mayor <\/strong>consistente en media jornada de estudio Dolby para mezcla 5.1 de un cortometraje, y un<strong> Premio Don Obdulio <\/strong>de 500 d\u00f3lares en insumos de arte o producci\u00f3n<strong>.<\/strong><\/p>\n<p><a href=\"https:\/\/ecu.edu.uy\/sitioweb\/premios-del-jurado-profesional\/\"><strong>Ver el acta completa del Jurado Profesional<\/strong><\/a><\/p>\n<p><strong>Premios del Jurado Estudiantil<\/strong><\/p>\n<p>Integrado este a\u00f1o por <strong>Antonella La Rocca<\/strong> (Escuela de Cine del Uruguay), <strong>Fernando Bottari<\/strong> (Universidad Cat\u00f3lica del Uruguay) y <strong>Joaqu\u00edn Duschatzky<\/strong> (Universidad de Buenos Aires), el<strong> Jurado Estudiantil<\/strong> decidi\u00f3 otorgar menciones especiales en cada categor\u00eda: en animaci\u00f3n a <strong>A Blue Summer,<\/strong> dirigido por Juliette Ragot de La F\u00e9mis (Francia); en no ficci\u00f3n a <strong>Home is 1117 kilometers away, <\/strong>realizado por Marta Smerechynska (Ucrania) en el marco del M\u00e1ster Doc Nomads; entre las ficciones a <strong>Domingo familiar, <\/strong>con direcci\u00f3n de Gerardo Del Razo del Centro de Capacitaci\u00f3n Cinematogr\u00e1fica (M\u00e9xico); y entre los cortos uruguayos a <strong>Se perdi\u00f3 en la luz,<\/strong> cortometraje de egreso de la Escuela de Cine del Uruguay dirigido por Manuel Tate.<\/p>\n<p>Como ganadores en cada categor\u00eda, el jurado de estudiantes decidi\u00f3 premiar (al igual que el Jurado Profesional) la animaci\u00f3n <strong>Detlev,<\/strong> de Ferdinand Ehrhardt, estudiante de Filmakademie Baden-W\u00fcrttemberg (Alemania); la no ficci\u00f3n <strong>Ser\u00e1 inmortal quien merezca serlo<\/strong>, dirigido por Nay Mendl de la EICTV de Cuba; la ficci\u00f3n austr\u00edaca <strong>The Last Bet,<\/strong> dirigida por Meike W\u00fcstenberg en la Film Academy Vienna; y como mejor corto uruguayo a <strong>Tres cuerpos, <\/strong>otro trabajo de egreso de la Escuela de Cine del Uruguay con direcci\u00f3n de Emilio Sarthou. Este \u00faltimo premio consiste en: dos jornadas de mezcla en sala Atmos de <strong>El Mar Film Sound<\/strong>; dos sesiones de correcci\u00f3n de color, m\u00e1ster final y creaci\u00f3n de DCP por <strong>Artemisa Lab<\/strong>; y un<strong> Premio Don Obdulio <\/strong>de 500 d\u00f3lares en insumos de arte o producci\u00f3n<strong>.<\/strong><\/p>\n<p><a href=\"https:\/\/ecu.edu.uy\/sitioweb\/premios-del-jurado-estudiantil\/\"><strong>Ver el acta completa del Jurado Estudiantil<\/strong><\/a><\/p>\n<p><strong>Premios del P\u00fablico<\/strong><\/p>\n<p>El p\u00fablico asistente al festival vot\u00f3 al final de cada proyecci\u00f3n por sus cortos favoritos. El conteo de votos arroj\u00f3 los siguientes resultados:<\/p>\n<p><strong>Mejor Corto Internacional<\/strong>: <strong>Detlev,<\/strong> dirigido por Ferdinand Ehrhardt de Filmakademie Baden-W\u00fcrttemberg (Alemania)<\/p>\n<p><strong>Mejor Corto Uruguayo<\/strong>: <strong>Se perdi\u00f3 en la luz,<\/strong> dirigido por Manuel Tate de la Escuela de Cine del Uruguay (ECU). Este premio consiste en equipamiento de <strong>SinSol<\/strong> por valor 700 d\u00f3lares; una asesor\u00eda en pitching y distribuci\u00f3n en festivales a cargo de <strong>Programa Cinescope<\/strong>; y una beca para un curso o taller extracurricular por parte de la ECU.<\/p>\n<p>En total, el Festival entreg\u00f3 unos <strong>9.000 d\u00f3lares en premios<\/strong>.<\/p>\n<p><strong>Actividades paralelas<\/strong><\/p>\n<p>Como es tradicional, y antes de las exhibiciones de cortos a concurso, el Festival ofreci\u00f3 actividades paralelas dirigidas a estudiantes de cine y audiovisual de todo el pa\u00eds, egresados recientes de los diferentes centros de formaci\u00f3n, profesionales y trabajadores del sector, y a todo p\u00fablico interesado.<\/p>\n<p>Los realizadores argentinos <strong>Agustina Comedi<\/strong> y <strong>Leandro Listorti<\/strong> compartieron su experiencia a partir del trabajo con material de archivo. Agustina directora de \u201cEl silencio es un cuerpo que cae\u201d (2017) y el cortometraje \u201cPlayback. Ensayo de una despedida\u201d (2019), investiga los v\u00ednculos entre archivo, memoria y fabulaci\u00f3n. En tanto\u00a0Leandro, que es artista, cineasta, productor, programador y archivista, trabaja en los m\u00e1rgenes del metraje de archivo y las pr\u00e1cticas experimentales. Es autor de las pel\u00edculas \u201cLos j\u00f3venes muertos\u201d (2010), \u201cLa pel\u00edcula infinita\u201d (2018) y \u201cHerbaria\u201d (2022) y ha dictado clases en instituciones como la Universidad del Cine y la EICTV (Cuba).<\/p>\n<p>Otra de las actividades reuni\u00f3 a j\u00f3venes cineastas con trayectoria en el cortometraje, intercambiando experiencias sobre las posibilidades de este formato fuera del \u00e1mbito educativo. Participaron los realizadores <strong>Gonzalo Torrens<\/strong> e <strong>Il\u00e9n Juambeltz<\/strong> (ambos egresados de la ECU) y la productora <strong>Eugenia Olascuaga<\/strong> (docente en la ECU), bajo la moderaci\u00f3n de <strong>Juan Andr\u00e9s Belo<\/strong> (productor, gestor cultural y docente, fundador del Festival Detour).<\/p>\n<p>Finalmente, en el marco de los 30 a\u00f1os de la ECU, fue un privilegio y un orgullo contar con el director y guionista <strong>Sergio De Le\u00f3n<\/strong>, quien comparti\u00f3 el proceso creativo detr\u00e1s de <strong>Siempre vuelven<\/strong>, su tercera pel\u00edcula (y primera de ficci\u00f3n) junto a la productora <strong>Micaela Sol\u00e9<\/strong> y el dise\u00f1ador de sonido <strong>Daniel Yafalian<\/strong>. Se trata de tres cineastas con amplia experiencia, los tres egresados de las primeras generaciones de la ECU (1995 y 1997), que han sido testigos y protagonistas del desarrollo que el cine nacional ha tenido a lo largo de estos a\u00f1os.<\/p>\n<p>Luego de la entrega de premios en Sala Zitarrosa, el FIEC concluy\u00f3 la noche del viernes 15 con una hermosa fiesta en <strong>Club Uruguay<\/strong>, celebrando 25 a\u00f1os del festival y 30 a\u00f1os de la ECU junto a estudiantes, egresados de varias generaciones, docentes, colaboradores y amigos.<\/p>\n<p>Muchas gracias a todas y todos por ser parte. \u00a1Nos reencontramos en la edici\u00f3n n\u00famero 26!<\/p>\n<p><strong>Esta nueva edici\u00f3n del Festival fue posible gracias al apoyo de ACAU, Montevideo Audiovisual, Canelones Audiovisual, Municipio B, Sala Zitarrosa, Cine MACA, Alianza Francesa, Fic.UBA, Musitelli, La Mayor, Sin Sol, El Mar Film Sound, Artemisa Lab, Don Obdulio, Programa Cinescope, ANTEL, Lokotas, Caf\u00e9 La Diaria, Caf\u00e9 del Cine, Acuaria, Taz\u00fa Bar, Maki Sushi, Cerveza Patricia, Destiler\u00eda Capic\u00faa, Puertovideo, Equipos, La Diaria, Montevideo Portal, TV Ciudad, CILECT, FEISAL y FilmFreeway.<\/strong><\/p>\n","protected":false},"excerpt":{"rendered":"<p>Con premios y menciones para cortometrajes estudiantiles de 10 pa&iacute;ses (Alemania, Argentina, Austria, B&eacute;lgica, Cuba, Espa&ntilde;a, Francia, M&eacute;xico, Ucrania y Uruguay), el viernes 15 de agosto concluy&oacute; el 25 Festival Internacional de Escuelas de Cine (FIEC), organizado por la Escuela de Cine del Uruguay (ECU) y Cinemateca Uruguaya en el marco de los 30 a&ntilde;os&#8230; <\/p>\n<div class=\"clear\"><\/div>\n<p><a href=\"https:\/\/ecu.edu.uy\/sitioweb\/premios-del-25-festival-internacional-de-escuelas-de-cine\/\" class=\"gdlr-button with-border excerpt-read-more\">Leer mas<\/a><\/p>\n","protected":false},"author":2,"featured_media":9622,"comment_status":"open","ping_status":"open","sticky":false,"template":"","format":"standard","meta":[],"categories":[82,80],"tags":[],"_links":{"self":[{"href":"https:\/\/ecu.edu.uy\/sitioweb\/wp-json\/wp\/v2\/posts\/9621"}],"collection":[{"href":"https:\/\/ecu.edu.uy\/sitioweb\/wp-json\/wp\/v2\/posts"}],"about":[{"href":"https:\/\/ecu.edu.uy\/sitioweb\/wp-json\/wp\/v2\/types\/post"}],"author":[{"embeddable":true,"href":"https:\/\/ecu.edu.uy\/sitioweb\/wp-json\/wp\/v2\/users\/2"}],"replies":[{"embeddable":true,"href":"https:\/\/ecu.edu.uy\/sitioweb\/wp-json\/wp\/v2\/comments?post=9621"}],"version-history":[{"count":2,"href":"https:\/\/ecu.edu.uy\/sitioweb\/wp-json\/wp\/v2\/posts\/9621\/revisions"}],"predecessor-version":[{"id":9627,"href":"https:\/\/ecu.edu.uy\/sitioweb\/wp-json\/wp\/v2\/posts\/9621\/revisions\/9627"}],"wp:featuredmedia":[{"embeddable":true,"href":"https:\/\/ecu.edu.uy\/sitioweb\/wp-json\/wp\/v2\/media\/9622"}],"wp:attachment":[{"href":"https:\/\/ecu.edu.uy\/sitioweb\/wp-json\/wp\/v2\/media?parent=9621"}],"wp:term":[{"taxonomy":"category","embeddable":true,"href":"https:\/\/ecu.edu.uy\/sitioweb\/wp-json\/wp\/v2\/categories?post=9621"},{"taxonomy":"post_tag","embeddable":true,"href":"https:\/\/ecu.edu.uy\/sitioweb\/wp-json\/wp\/v2\/tags?post=9621"}],"curies":[{"name":"wp","href":"https:\/\/api.w.org\/{rel}","templated":true}]}}